{"id":4891,"date":"2019-04-03T16:31:51","date_gmt":"2019-04-03T14:31:51","guid":{"rendered":"https:\/\/nomis.hr\/?p=4891"},"modified":"2023-05-09T16:37:37","modified_gmt":"2023-05-09T14:37:37","slug":"arburg-tehnoloski-dani-2019","status":"publish","type":"post","link":"https:\/\/nomis.hr\/sr\/2019\/04\/03\/arburg-tehnoloski-dani-2019\/","title":{"rendered":"ARBURG Tehnolo\u0161ki dani 2019"},"content":{"rendered":"<div class=\"att-intro\">\n<h4>Vodimo Vas na Tehnolo\u0161ke dane u firmu Arburg ve\u0107 13 godina zaredom!<\/h4>\n<p>Kao i svake godine u Martu, Nomis organizuje posetu fabrici Arburg za svoje partnere i kupce. Arburg Tehnolo\u0161ki dani u Lossburgu (Nema\u010dka) najve\u0107i je svetski interni doga\u0111aj u industriji plastike, te je i ove godine obele\u017een velikim uspehom.<\/p>\n<p>Vi\u0161e od 6000 gostiju iz 54 zemlje koji su posetili ovaj jedinstveni doga\u0111aj u industriji imali su prilike iskusiti digitalna Arburg re\u0161enja jer je glavni fokus bio na \u201ePutu ka digitalizaciji\u201c. Sa vi\u0161e od 50 izlo\u017eenih ma\u0161ina, zainteresovani kupci imali su prilike dobiti jedinstveni pregled tehnologija injekcijskog brizganje, industrijske aditivne proizvodnje i Industrije 4.0.<\/p>\n<p>Naglasci uklju\u010duju svetsko predstavljanje AM fabrike, Arene u\u010dinkovitosti s fokusom na digitalizaciju i inovativna re\u0161enja za automobilsku industriju, laganu konstrukciju i medicinsku tehnologiju. Predstavljanje usluga i i obilasci firme upotpunili su celokupni program.<\/p>\n<p>Stru\u010dne prezentacije dostupne su za preuzimanje na slede\u0107im poveznicama:<\/p>\n<\/div>\n<div class=\"att-text\">\n<ul>\n<li>\u201ePut ka digitalizaciji\u201c:\u00a0<a href=\"https:\/\/www.arburg.com\/fileadmin\/redaktion\/sonstiges\/arburg_fachvortrag_ttage-2019_road-to-digitalisation_en_-_handout.pdf\" target=\"_self\" rel=\"noopener\">https:\/\/www.arburg.com\/fileadmin\/redaktion\/sonstiges\/arburg_fachvortrag_ttage-2019_road-to-digitalisation_en_-_handout.pdf<\/a><\/li>\n<\/ul>\n<ul>\n<li>Automobilska industrija:\u00a0<a href=\"https:\/\/www.arburg.com\/fileadmin\/redaktion\/sonstiges\/arburg_fachvortrag_ttage-2019_automotive_en_-_handout.pdf\" target=\"_self\" rel=\"noopener\">https:\/\/www.arburg.com\/fileadmin\/redaktion\/sonstiges\/arburg_fachvortrag_ttage-2019_automotive_en_-_handout.pdf<\/a><\/li>\n<\/ul>\n<ul>\n<li>Freeformer:\u00a0<a href=\"https:\/\/www.arburg.com\/fileadmin\/redaktion\/sonstiges\/arburg_fachvortrag_ttage-2019_akf_en_-_handout.pdf\" target=\"_self\" rel=\"noopener\">https:\/\/www.arburg.com\/fileadmin\/redaktion\/sonstiges\/arburg_fachvortrag_ttage-2019_akf_en_-_handout.pdf<\/a><\/li>\n<\/ul>\n<ul>\n<li>Pakovanje: <a href=\"https:\/\/www.arburg.com\/fileadmin\/redaktion\/sonstiges\/arburg_fachvortrag_ttage-2019_packaging_en_-_handout.pdf\" target=\"_self\" rel=\"noopener\">https:\/\/www.arburg.com\/fileadmin\/redaktion\/sonstiges\/arburg_fachvortrag_ttage-2019_packaging_en_-_handout.pdf<\/a><\/li>\n<\/ul>\n<\/div>\n","protected":false},"excerpt":{"rendered":"<p>  &#8230;<\/p>\n","protected":false},"author":2,"featured_media":4717,"comment_status":"closed","ping_status":"open","sticky":false,"template":"","format":"standard","meta":{"footnotes":""},"categories":[198],"tags":[],"class_list":["post-4891","post","type-post","status-publish","format-standard","has-post-thumbnail","hentry","category-uncategorized-sr"],"yoast_head":"<!-- This site is optimized with the Yoast SEO plugin v27.4 - https:\/\/yoast.com\/product\/yoast-seo-wordpress\/ -->\n<title>ARBURG Tehnolo\u0161ki dani 2019 - Nomis<\/title>\n<meta name=\"robots\" content=\"index, follow, max-snippet:-1, max-image-preview:large, max-video-preview:-1\" \/>\n<link rel=\"canonical\" href=\"https:\/\/nomis.hr\/sr\/2019\/04\/03\/arburg-tehnoloski-dani-2019\/\" \/>\n<meta property=\"og:locale\" content=\"sr_RS\" \/>\n<meta property=\"og:type\" content=\"article\" \/>\n<meta property=\"og:title\" content=\"ARBURG Tehnolo\u0161ki dani 2019 - Nomis\" \/>\n<meta property=\"og:description\" content=\"...\" \/>\n<meta property=\"og:url\" content=\"https:\/\/nomis.hr\/sr\/2019\/04\/03\/arburg-tehnoloski-dani-2019\/\" \/>\n<meta property=\"og:site_name\" content=\"Nomis\" \/>\n<meta property=\"article:published_time\" content=\"2019-04-03T14:31:51+00:00\" \/>\n<meta property=\"article:modified_time\" content=\"2023-05-09T14:37:37+00:00\" \/>\n<meta property=\"og:image\" content=\"https:\/\/nomis.hr\/wp-content\/uploads\/2022\/06\/ARBURG-TEHNOLOSKI-DANI-2019_banner.jpg\" \/>\n\t<meta property=\"og:image:width\" content=\"1280\" \/>\n\t<meta property=\"og:image:height\" content=\"640\" \/>\n\t<meta property=\"og:image:type\" content=\"image\/jpeg\" \/>\n<meta name=\"author\" content=\"Ana Pecanic\" \/>\n<meta name=\"twitter:card\" content=\"summary_large_image\" \/>\n<meta name=\"twitter:label1\" content=\"\u041d\u0430\u043f\u0438\u0441\u0430\u043d\u043e \u043e\u0434\" \/>\n\t<meta name=\"twitter:data1\" content=\"Ana Pecanic\" \/>\n\t<meta name=\"twitter:label2\" content=\"\u041f\u0440\u043e\u0446\u0435\u045a\u0435\u043d\u043e \u0432\u0440\u0435\u043c\u0435 \u0447\u0438\u0442\u0430\u045a\u0430\" \/>\n\t<meta name=\"twitter:data2\" content=\"1 \u043c\u0438\u043d\u0443\u0442\" \/>\n<script type=\"application\/ld+json\" class=\"yoast-schema-graph\">{\"@context\":\"https:\\\/\\\/schema.org\",\"@graph\":[{\"@type\":\"Article\",\"@id\":\"https:\\\/\\\/nomis.hr\\\/sr\\\/2019\\\/04\\\/03\\\/arburg-tehnoloski-dani-2019\\\/#article\",\"isPartOf\":{\"@id\":\"https:\\\/\\\/nomis.hr\\\/sr\\\/2019\\\/04\\\/03\\\/arburg-tehnoloski-dani-2019\\\/\"},\"author\":{\"name\":\"Ana Pecanic\",\"@id\":\"https:\\\/\\\/nomis.hr\\\/#\\\/schema\\\/person\\\/3e9738cd37dba3b4ba61feaaeeb03a64\"},\"headline\":\"ARBURG Tehnolo\u0161ki dani 2019\",\"datePublished\":\"2019-04-03T14:31:51+00:00\",\"dateModified\":\"2023-05-09T14:37:37+00:00\",\"mainEntityOfPage\":{\"@id\":\"https:\\\/\\\/nomis.hr\\\/sr\\\/2019\\\/04\\\/03\\\/arburg-tehnoloski-dani-2019\\\/\"},\"wordCount\":229,\"publisher\":{\"@id\":\"https:\\\/\\\/nomis.hr\\\/#organization\"},\"image\":{\"@id\":\"https:\\\/\\\/nomis.hr\\\/sr\\\/2019\\\/04\\\/03\\\/arburg-tehnoloski-dani-2019\\\/#primaryimage\"},\"thumbnailUrl\":\"https:\\\/\\\/nomis.hr\\\/wp-content\\\/uploads\\\/2022\\\/06\\\/ARBURG-TEHNOLOSKI-DANI-2019_banner.jpg\",\"articleSection\":[\"Uncategorized @sr\"],\"inLanguage\":\"sr-RS\"},{\"@type\":\"WebPage\",\"@id\":\"https:\\\/\\\/nomis.hr\\\/sr\\\/2019\\\/04\\\/03\\\/arburg-tehnoloski-dani-2019\\\/\",\"url\":\"https:\\\/\\\/nomis.hr\\\/sr\\\/2019\\\/04\\\/03\\\/arburg-tehnoloski-dani-2019\\\/\",\"name\":\"ARBURG Tehnolo\u0161ki dani 2019 - Nomis\",\"isPartOf\":{\"@id\":\"https:\\\/\\\/nomis.hr\\\/#website\"},\"primaryImageOfPage\":{\"@id\":\"https:\\\/\\\/nomis.hr\\\/sr\\\/2019\\\/04\\\/03\\\/arburg-tehnoloski-dani-2019\\\/#primaryimage\"},\"image\":{\"@id\":\"https:\\\/\\\/nomis.hr\\\/sr\\\/2019\\\/04\\\/03\\\/arburg-tehnoloski-dani-2019\\\/#primaryimage\"},\"thumbnailUrl\":\"https:\\\/\\\/nomis.hr\\\/wp-content\\\/uploads\\\/2022\\\/06\\\/ARBURG-TEHNOLOSKI-DANI-2019_banner.jpg\",\"datePublished\":\"2019-04-03T14:31:51+00:00\",\"dateModified\":\"2023-05-09T14:37:37+00:00\",\"breadcrumb\":{\"@id\":\"https:\\\/\\\/nomis.hr\\\/sr\\\/2019\\\/04\\\/03\\\/arburg-tehnoloski-dani-2019\\\/#breadcrumb\"},\"inLanguage\":\"sr-RS\",\"potentialAction\":[{\"@type\":\"ReadAction\",\"target\":[\"https:\\\/\\\/nomis.hr\\\/sr\\\/2019\\\/04\\\/03\\\/arburg-tehnoloski-dani-2019\\\/\"]}]},{\"@type\":\"ImageObject\",\"inLanguage\":\"sr-RS\",\"@id\":\"https:\\\/\\\/nomis.hr\\\/sr\\\/2019\\\/04\\\/03\\\/arburg-tehnoloski-dani-2019\\\/#primaryimage\",\"url\":\"https:\\\/\\\/nomis.hr\\\/wp-content\\\/uploads\\\/2022\\\/06\\\/ARBURG-TEHNOLOSKI-DANI-2019_banner.jpg\",\"contentUrl\":\"https:\\\/\\\/nomis.hr\\\/wp-content\\\/uploads\\\/2022\\\/06\\\/ARBURG-TEHNOLOSKI-DANI-2019_banner.jpg\",\"width\":1280,\"height\":640},{\"@type\":\"BreadcrumbList\",\"@id\":\"https:\\\/\\\/nomis.hr\\\/sr\\\/2019\\\/04\\\/03\\\/arburg-tehnoloski-dani-2019\\\/#breadcrumb\",\"itemListElement\":[{\"@type\":\"ListItem\",\"position\":1,\"name\":\"Home\",\"item\":\"https:\\\/\\\/nomis.hr\\\/sr\\\/\"},{\"@type\":\"ListItem\",\"position\":2,\"name\":\"ARBURG Tehnolo\u0161ki dani 2019\"}]},{\"@type\":\"WebSite\",\"@id\":\"https:\\\/\\\/nomis.hr\\\/#website\",\"url\":\"https:\\\/\\\/nomis.hr\\\/\",\"name\":\"Nomis\",\"description\":\"Sve za preradu polimera i metala na jednom mjestu!\",\"publisher\":{\"@id\":\"https:\\\/\\\/nomis.hr\\\/#organization\"},\"potentialAction\":[{\"@type\":\"SearchAction\",\"target\":{\"@type\":\"EntryPoint\",\"urlTemplate\":\"https:\\\/\\\/nomis.hr\\\/?s={search_term_string}\"},\"query-input\":{\"@type\":\"PropertyValueSpecification\",\"valueRequired\":true,\"valueName\":\"search_term_string\"}}],\"inLanguage\":\"sr-RS\"},{\"@type\":\"Organization\",\"@id\":\"https:\\\/\\\/nomis.hr\\\/#organization\",\"name\":\"Nomis\",\"url\":\"https:\\\/\\\/nomis.hr\\\/\",\"logo\":{\"@type\":\"ImageObject\",\"inLanguage\":\"sr-RS\",\"@id\":\"https:\\\/\\\/nomis.hr\\\/#\\\/schema\\\/logo\\\/image\\\/\",\"url\":\"https:\\\/\\\/nomis.hr\\\/wp-content\\\/uploads\\\/2021\\\/03\\\/Nomis-logo-admin-login.png\",\"contentUrl\":\"https:\\\/\\\/nomis.hr\\\/wp-content\\\/uploads\\\/2021\\\/03\\\/Nomis-logo-admin-login.png\",\"width\":640,\"height\":163,\"caption\":\"Nomis\"},\"image\":{\"@id\":\"https:\\\/\\\/nomis.hr\\\/#\\\/schema\\\/logo\\\/image\\\/\"}},{\"@type\":\"Person\",\"@id\":\"https:\\\/\\\/nomis.hr\\\/#\\\/schema\\\/person\\\/3e9738cd37dba3b4ba61feaaeeb03a64\",\"name\":\"Ana Pecanic\",\"image\":{\"@type\":\"ImageObject\",\"inLanguage\":\"sr-RS\",\"@id\":\"https:\\\/\\\/secure.gravatar.com\\\/avatar\\\/f92997b9ff3ba7e3b818815a1f35ca2c7d544830b8a3c09f226a9eaa905c335c?s=96&d=mm&r=g\",\"url\":\"https:\\\/\\\/secure.gravatar.com\\\/avatar\\\/f92997b9ff3ba7e3b818815a1f35ca2c7d544830b8a3c09f226a9eaa905c335c?s=96&d=mm&r=g\",\"contentUrl\":\"https:\\\/\\\/secure.gravatar.com\\\/avatar\\\/f92997b9ff3ba7e3b818815a1f35ca2c7d544830b8a3c09f226a9eaa905c335c?s=96&d=mm&r=g\",\"caption\":\"Ana Pecanic\"},\"url\":\"https:\\\/\\\/nomis.hr\\\/sr\\\/author\\\/ananomis\\\/\"}]}<\/script>\n<!-- \/ Yoast SEO plugin. -->","yoast_head_json":{"title":"ARBURG Tehnolo\u0161ki dani 2019 - Nomis","robots":{"index":"index","follow":"follow","max-snippet":"max-snippet:-1","max-image-preview":"max-image-preview:large","max-video-preview":"max-video-preview:-1"},"canonical":"https:\/\/nomis.hr\/sr\/2019\/04\/03\/arburg-tehnoloski-dani-2019\/","og_locale":"sr_RS","og_type":"article","og_title":"ARBURG Tehnolo\u0161ki dani 2019 - Nomis","og_description":"...","og_url":"https:\/\/nomis.hr\/sr\/2019\/04\/03\/arburg-tehnoloski-dani-2019\/","og_site_name":"Nomis","article_published_time":"2019-04-03T14:31:51+00:00","article_modified_time":"2023-05-09T14:37:37+00:00","og_image":[{"width":1280,"height":640,"url":"https:\/\/nomis.hr\/wp-content\/uploads\/2022\/06\/ARBURG-TEHNOLOSKI-DANI-2019_banner.jpg","type":"image\/jpeg"}],"author":"Ana Pecanic","twitter_card":"summary_large_image","twitter_misc":{"\u041d\u0430\u043f\u0438\u0441\u0430\u043d\u043e \u043e\u0434":"Ana Pecanic","\u041f\u0440\u043e\u0446\u0435\u045a\u0435\u043d\u043e \u0432\u0440\u0435\u043c\u0435 \u0447\u0438\u0442\u0430\u045a\u0430":"1 \u043c\u0438\u043d\u0443\u0442"},"schema":{"@context":"https:\/\/schema.org","@graph":[{"@type":"Article","@id":"https:\/\/nomis.hr\/sr\/2019\/04\/03\/arburg-tehnoloski-dani-2019\/#article","isPartOf":{"@id":"https:\/\/nomis.hr\/sr\/2019\/04\/03\/arburg-tehnoloski-dani-2019\/"},"author":{"name":"Ana Pecanic","@id":"https:\/\/nomis.hr\/#\/schema\/person\/3e9738cd37dba3b4ba61feaaeeb03a64"},"headline":"ARBURG Tehnolo\u0161ki dani 2019","datePublished":"2019-04-03T14:31:51+00:00","dateModified":"2023-05-09T14:37:37+00:00","mainEntityOfPage":{"@id":"https:\/\/nomis.hr\/sr\/2019\/04\/03\/arburg-tehnoloski-dani-2019\/"},"wordCount":229,"publisher":{"@id":"https:\/\/nomis.hr\/#organization"},"image":{"@id":"https:\/\/nomis.hr\/sr\/2019\/04\/03\/arburg-tehnoloski-dani-2019\/#primaryimage"},"thumbnailUrl":"https:\/\/nomis.hr\/wp-content\/uploads\/2022\/06\/ARBURG-TEHNOLOSKI-DANI-2019_banner.jpg","articleSection":["Uncategorized @sr"],"inLanguage":"sr-RS"},{"@type":"WebPage","@id":"https:\/\/nomis.hr\/sr\/2019\/04\/03\/arburg-tehnoloski-dani-2019\/","url":"https:\/\/nomis.hr\/sr\/2019\/04\/03\/arburg-tehnoloski-dani-2019\/","name":"ARBURG Tehnolo\u0161ki dani 2019 - Nomis","isPartOf":{"@id":"https:\/\/nomis.hr\/#website"},"primaryImageOfPage":{"@id":"https:\/\/nomis.hr\/sr\/2019\/04\/03\/arburg-tehnoloski-dani-2019\/#primaryimage"},"image":{"@id":"https:\/\/nomis.hr\/sr\/2019\/04\/03\/arburg-tehnoloski-dani-2019\/#primaryimage"},"thumbnailUrl":"https:\/\/nomis.hr\/wp-content\/uploads\/2022\/06\/ARBURG-TEHNOLOSKI-DANI-2019_banner.jpg","datePublished":"2019-04-03T14:31:51+00:00","dateModified":"2023-05-09T14:37:37+00:00","breadcrumb":{"@id":"https:\/\/nomis.hr\/sr\/2019\/04\/03\/arburg-tehnoloski-dani-2019\/#breadcrumb"},"inLanguage":"sr-RS","potentialAction":[{"@type":"ReadAction","target":["https:\/\/nomis.hr\/sr\/2019\/04\/03\/arburg-tehnoloski-dani-2019\/"]}]},{"@type":"ImageObject","inLanguage":"sr-RS","@id":"https:\/\/nomis.hr\/sr\/2019\/04\/03\/arburg-tehnoloski-dani-2019\/#primaryimage","url":"https:\/\/nomis.hr\/wp-content\/uploads\/2022\/06\/ARBURG-TEHNOLOSKI-DANI-2019_banner.jpg","contentUrl":"https:\/\/nomis.hr\/wp-content\/uploads\/2022\/06\/ARBURG-TEHNOLOSKI-DANI-2019_banner.jpg","width":1280,"height":640},{"@type":"BreadcrumbList","@id":"https:\/\/nomis.hr\/sr\/2019\/04\/03\/arburg-tehnoloski-dani-2019\/#breadcrumb","itemListElement":[{"@type":"ListItem","position":1,"name":"Home","item":"https:\/\/nomis.hr\/sr\/"},{"@type":"ListItem","position":2,"name":"ARBURG Tehnolo\u0161ki dani 2019"}]},{"@type":"WebSite","@id":"https:\/\/nomis.hr\/#website","url":"https:\/\/nomis.hr\/","name":"Nomis","description":"Sve za preradu polimera i metala na jednom mjestu!","publisher":{"@id":"https:\/\/nomis.hr\/#organization"},"potentialAction":[{"@type":"SearchAction","target":{"@type":"EntryPoint","urlTemplate":"https:\/\/nomis.hr\/?s={search_term_string}"},"query-input":{"@type":"PropertyValueSpecification","valueRequired":true,"valueName":"search_term_string"}}],"inLanguage":"sr-RS"},{"@type":"Organization","@id":"https:\/\/nomis.hr\/#organization","name":"Nomis","url":"https:\/\/nomis.hr\/","logo":{"@type":"ImageObject","inLanguage":"sr-RS","@id":"https:\/\/nomis.hr\/#\/schema\/logo\/image\/","url":"https:\/\/nomis.hr\/wp-content\/uploads\/2021\/03\/Nomis-logo-admin-login.png","contentUrl":"https:\/\/nomis.hr\/wp-content\/uploads\/2021\/03\/Nomis-logo-admin-login.png","width":640,"height":163,"caption":"Nomis"},"image":{"@id":"https:\/\/nomis.hr\/#\/schema\/logo\/image\/"}},{"@type":"Person","@id":"https:\/\/nomis.hr\/#\/schema\/person\/3e9738cd37dba3b4ba61feaaeeb03a64","name":"Ana Pecanic","image":{"@type":"ImageObject","inLanguage":"sr-RS","@id":"https:\/\/secure.gravatar.com\/avatar\/f92997b9ff3ba7e3b818815a1f35ca2c7d544830b8a3c09f226a9eaa905c335c?s=96&d=mm&r=g","url":"https:\/\/secure.gravatar.com\/avatar\/f92997b9ff3ba7e3b818815a1f35ca2c7d544830b8a3c09f226a9eaa905c335c?s=96&d=mm&r=g","contentUrl":"https:\/\/secure.gravatar.com\/avatar\/f92997b9ff3ba7e3b818815a1f35ca2c7d544830b8a3c09f226a9eaa905c335c?s=96&d=mm&r=g","caption":"Ana Pecanic"},"url":"https:\/\/nomis.hr\/sr\/author\/ananomis\/"}]}},"_links":{"self":[{"href":"https:\/\/nomis.hr\/sr\/wp-json\/wp\/v2\/posts\/4891","targetHints":{"allow":["GET"]}}],"collection":[{"href":"https:\/\/nomis.hr\/sr\/wp-json\/wp\/v2\/posts"}],"about":[{"href":"https:\/\/nomis.hr\/sr\/wp-json\/wp\/v2\/types\/post"}],"author":[{"embeddable":true,"href":"https:\/\/nomis.hr\/sr\/wp-json\/wp\/v2\/users\/2"}],"replies":[{"embeddable":true,"href":"https:\/\/nomis.hr\/sr\/wp-json\/wp\/v2\/comments?post=4891"}],"version-history":[{"count":4,"href":"https:\/\/nomis.hr\/sr\/wp-json\/wp\/v2\/posts\/4891\/revisions"}],"predecessor-version":[{"id":4895,"href":"https:\/\/nomis.hr\/sr\/wp-json\/wp\/v2\/posts\/4891\/revisions\/4895"}],"wp:featuredmedia":[{"embeddable":true,"href":"https:\/\/nomis.hr\/sr\/wp-json\/wp\/v2\/media\/4717"}],"wp:attachment":[{"href":"https:\/\/nomis.hr\/sr\/wp-json\/wp\/v2\/media?parent=4891"}],"wp:term":[{"taxonomy":"category","embeddable":true,"href":"https:\/\/nomis.hr\/sr\/wp-json\/wp\/v2\/categories?post=4891"},{"taxonomy":"post_tag","embeddable":true,"href":"https:\/\/nomis.hr\/sr\/wp-json\/wp\/v2\/tags?post=4891"}],"curies":[{"name":"wp","href":"https:\/\/api.w.org\/{rel}","templated":true}]}}