{"id":4912,"date":"2018-11-22T16:23:58","date_gmt":"2018-11-22T15:23:58","guid":{"rendered":"https:\/\/nomis.hr\/?p=4912"},"modified":"2023-05-18T16:27:50","modified_gmt":"2023-05-18T14:27:50","slug":"konferencija-nomis-makedonija-dooel","status":"publish","type":"post","link":"https:\/\/nomis.hr\/sr\/2018\/11\/22\/konferencija-nomis-makedonija-dooel\/","title":{"rendered":"Konferencija NOMIS MAKEDONIJA DOOEL"},"content":{"rendered":"<p>Firma NOMIS MAKEDONIJA DOOEL slu\u017ebeno je ozna\u010dila po\u010detak svog postojanja u Makedoniji, sa sedi\u0161tem u Skopju.<\/p>\n<p>Kao podru\u017enica tvrtke NOMIS D.O.O. iz Hrvatske, u maju 2018. otvorena je i kancelarija i skladi\u0161te u Skopju s ciljem pobolj\u0161anja kvaliteta usluge \u2013 br\u017ei i fleksibilniji odgovor na zahteve klijenata u regiji, odnosno u Makedoniji, Srbiji, Albaniji, Kosovu i Crnoj Gori.<\/p>\n<p>U tom smjeru, 22.11.2018. organizirana je na\u0161a prva <strong>Konferencija<\/strong> u podru\u010dju prerade plastike, zajedno sa svim na\u0161im dugogodi\u0161njim suradnicima i partnerima koji su vrhunski proizvo\u0111a\u010di ma\u0161ina, dodatne opreme i svega ostaloga \u0161to obuhvata sektor koji pokrivamo.<\/p>\n<p>Posetioci Konferencije imali su mogu\u0107nost da se upoznaju sa svim predstavnicima, te da se informiraju o svim novitetima koje obuhvata ova industrija.<\/p>\n<p>Svoje u\u0107e\u0161\u0107e na konferenciji dali su predstavnici svetski renomiranih tvrtki u proizvodnji ma\u0161ina i opreme za preradu polimera, te pomo\u0107nih sredstava \u2013 ARBURG, KAUTEX, MORETTO, RAPID, FRIGEL i CHEM TREND. Predstavnici ovih firmi obogatili su konferenciju svojim prisustvom dele\u0107i svoje dugogodi\u0161nje iskustvo iz bran\u0161e.<\/p>\n<p>Tim NOMIS MAKEDONIJA DOOEL stoji Vam na raspolaganju kako bi ponudio re\u0161enja za Va\u0161e zahteve te omogu\u0107i tehni\u010dku podr\u0161ku i savetovanje, kako do sada tako i u budu\u0107nosti.<\/p>\n<p>Va\u0161<\/p>\n<p>NOMIS MAKEDONIJA DOOEL<\/p>\n","protected":false},"excerpt":{"rendered":"<p>  &#8230;<\/p>\n","protected":false},"author":2,"featured_media":4746,"comment_status":"closed","ping_status":"open","sticky":false,"template":"","format":"standard","meta":{"footnotes":""},"categories":[198],"tags":[],"class_list":["post-4912","post","type-post","status-publish","format-standard","has-post-thumbnail","hentry","category-uncategorized-sr"],"yoast_head":"<!-- This site is optimized with the Yoast SEO plugin v27.4 - https:\/\/yoast.com\/product\/yoast-seo-wordpress\/ -->\n<title>Konferencija NOMIS MAKEDONIJA DOOEL - Nomis<\/title>\n<meta name=\"robots\" content=\"index, follow, max-snippet:-1, max-image-preview:large, max-video-preview:-1\" \/>\n<link rel=\"canonical\" href=\"https:\/\/nomis.hr\/sr\/2018\/11\/22\/konferencija-nomis-makedonija-dooel\/\" \/>\n<meta property=\"og:locale\" content=\"sr_RS\" \/>\n<meta property=\"og:type\" content=\"article\" \/>\n<meta property=\"og:title\" content=\"Konferencija NOMIS MAKEDONIJA DOOEL - Nomis\" \/>\n<meta property=\"og:description\" content=\"...\" \/>\n<meta property=\"og:url\" content=\"https:\/\/nomis.hr\/sr\/2018\/11\/22\/konferencija-nomis-makedonija-dooel\/\" \/>\n<meta property=\"og:site_name\" content=\"Nomis\" \/>\n<meta property=\"article:published_time\" content=\"2018-11-22T15:23:58+00:00\" \/>\n<meta property=\"article:modified_time\" content=\"2023-05-18T14:27:50+00:00\" \/>\n<meta property=\"og:image\" content=\"https:\/\/nomis.hr\/wp-content\/uploads\/2022\/06\/Konferencija-NOMIS-MAKEDONIJA-DOOEL.jpeg\" \/>\n\t<meta property=\"og:image:width\" content=\"1280\" \/>\n\t<meta property=\"og:image:height\" content=\"640\" \/>\n\t<meta property=\"og:image:type\" content=\"image\/jpeg\" \/>\n<meta name=\"author\" content=\"Ana Pecanic\" \/>\n<meta name=\"twitter:card\" content=\"summary_large_image\" \/>\n<meta name=\"twitter:label1\" content=\"\u041d\u0430\u043f\u0438\u0441\u0430\u043d\u043e \u043e\u0434\" \/>\n\t<meta name=\"twitter:data1\" content=\"Ana Pecanic\" \/>\n\t<meta name=\"twitter:label2\" content=\"\u041f\u0440\u043e\u0446\u0435\u045a\u0435\u043d\u043e \u0432\u0440\u0435\u043c\u0435 \u0447\u0438\u0442\u0430\u045a\u0430\" \/>\n\t<meta name=\"twitter:data2\" content=\"1 \u043c\u0438\u043d\u0443\u0442\" \/>\n<script type=\"application\/ld+json\" class=\"yoast-schema-graph\">{\"@context\":\"https:\\\/\\\/schema.org\",\"@graph\":[{\"@type\":\"Article\",\"@id\":\"https:\\\/\\\/nomis.hr\\\/sr\\\/2018\\\/11\\\/22\\\/konferencija-nomis-makedonija-dooel\\\/#article\",\"isPartOf\":{\"@id\":\"https:\\\/\\\/nomis.hr\\\/sr\\\/2018\\\/11\\\/22\\\/konferencija-nomis-makedonija-dooel\\\/\"},\"author\":{\"name\":\"Ana Pecanic\",\"@id\":\"https:\\\/\\\/nomis.hr\\\/#\\\/schema\\\/person\\\/3e9738cd37dba3b4ba61feaaeeb03a64\"},\"headline\":\"Konferencija NOMIS MAKEDONIJA DOOEL\",\"datePublished\":\"2018-11-22T15:23:58+00:00\",\"dateModified\":\"2023-05-18T14:27:50+00:00\",\"mainEntityOfPage\":{\"@id\":\"https:\\\/\\\/nomis.hr\\\/sr\\\/2018\\\/11\\\/22\\\/konferencija-nomis-makedonija-dooel\\\/\"},\"wordCount\":223,\"publisher\":{\"@id\":\"https:\\\/\\\/nomis.hr\\\/#organization\"},\"image\":{\"@id\":\"https:\\\/\\\/nomis.hr\\\/sr\\\/2018\\\/11\\\/22\\\/konferencija-nomis-makedonija-dooel\\\/#primaryimage\"},\"thumbnailUrl\":\"https:\\\/\\\/nomis.hr\\\/wp-content\\\/uploads\\\/2022\\\/06\\\/Zbog-povecanja-obujma-posla-otvorena-NOMIS-podruznica-u-Makedoniji_banner.jpg\",\"articleSection\":[\"Uncategorized @sr\"],\"inLanguage\":\"sr-RS\"},{\"@type\":\"WebPage\",\"@id\":\"https:\\\/\\\/nomis.hr\\\/sr\\\/2018\\\/11\\\/22\\\/konferencija-nomis-makedonija-dooel\\\/\",\"url\":\"https:\\\/\\\/nomis.hr\\\/sr\\\/2018\\\/11\\\/22\\\/konferencija-nomis-makedonija-dooel\\\/\",\"name\":\"Konferencija NOMIS MAKEDONIJA DOOEL - Nomis\",\"isPartOf\":{\"@id\":\"https:\\\/\\\/nomis.hr\\\/#website\"},\"primaryImageOfPage\":{\"@id\":\"https:\\\/\\\/nomis.hr\\\/sr\\\/2018\\\/11\\\/22\\\/konferencija-nomis-makedonija-dooel\\\/#primaryimage\"},\"image\":{\"@id\":\"https:\\\/\\\/nomis.hr\\\/sr\\\/2018\\\/11\\\/22\\\/konferencija-nomis-makedonija-dooel\\\/#primaryimage\"},\"thumbnailUrl\":\"https:\\\/\\\/nomis.hr\\\/wp-content\\\/uploads\\\/2022\\\/06\\\/Zbog-povecanja-obujma-posla-otvorena-NOMIS-podruznica-u-Makedoniji_banner.jpg\",\"datePublished\":\"2018-11-22T15:23:58+00:00\",\"dateModified\":\"2023-05-18T14:27:50+00:00\",\"breadcrumb\":{\"@id\":\"https:\\\/\\\/nomis.hr\\\/sr\\\/2018\\\/11\\\/22\\\/konferencija-nomis-makedonija-dooel\\\/#breadcrumb\"},\"inLanguage\":\"sr-RS\",\"potentialAction\":[{\"@type\":\"ReadAction\",\"target\":[\"https:\\\/\\\/nomis.hr\\\/sr\\\/2018\\\/11\\\/22\\\/konferencija-nomis-makedonija-dooel\\\/\"]}]},{\"@type\":\"ImageObject\",\"inLanguage\":\"sr-RS\",\"@id\":\"https:\\\/\\\/nomis.hr\\\/sr\\\/2018\\\/11\\\/22\\\/konferencija-nomis-makedonija-dooel\\\/#primaryimage\",\"url\":\"https:\\\/\\\/nomis.hr\\\/wp-content\\\/uploads\\\/2022\\\/06\\\/Zbog-povecanja-obujma-posla-otvorena-NOMIS-podruznica-u-Makedoniji_banner.jpg\",\"contentUrl\":\"https:\\\/\\\/nomis.hr\\\/wp-content\\\/uploads\\\/2022\\\/06\\\/Zbog-povecanja-obujma-posla-otvorena-NOMIS-podruznica-u-Makedoniji_banner.jpg\",\"width\":1280,\"height\":640},{\"@type\":\"BreadcrumbList\",\"@id\":\"https:\\\/\\\/nomis.hr\\\/sr\\\/2018\\\/11\\\/22\\\/konferencija-nomis-makedonija-dooel\\\/#breadcrumb\",\"itemListElement\":[{\"@type\":\"ListItem\",\"position\":1,\"name\":\"Home\",\"item\":\"https:\\\/\\\/nomis.hr\\\/sr\\\/\"},{\"@type\":\"ListItem\",\"position\":2,\"name\":\"Konferencija NOMIS MAKEDONIJA DOOEL\"}]},{\"@type\":\"WebSite\",\"@id\":\"https:\\\/\\\/nomis.hr\\\/#website\",\"url\":\"https:\\\/\\\/nomis.hr\\\/\",\"name\":\"Nomis\",\"description\":\"Sve za preradu polimera i metala na jednom mjestu!\",\"publisher\":{\"@id\":\"https:\\\/\\\/nomis.hr\\\/#organization\"},\"potentialAction\":[{\"@type\":\"SearchAction\",\"target\":{\"@type\":\"EntryPoint\",\"urlTemplate\":\"https:\\\/\\\/nomis.hr\\\/?s={search_term_string}\"},\"query-input\":{\"@type\":\"PropertyValueSpecification\",\"valueRequired\":true,\"valueName\":\"search_term_string\"}}],\"inLanguage\":\"sr-RS\"},{\"@type\":\"Organization\",\"@id\":\"https:\\\/\\\/nomis.hr\\\/#organization\",\"name\":\"Nomis\",\"url\":\"https:\\\/\\\/nomis.hr\\\/\",\"logo\":{\"@type\":\"ImageObject\",\"inLanguage\":\"sr-RS\",\"@id\":\"https:\\\/\\\/nomis.hr\\\/#\\\/schema\\\/logo\\\/image\\\/\",\"url\":\"https:\\\/\\\/nomis.hr\\\/wp-content\\\/uploads\\\/2021\\\/03\\\/Nomis-logo-admin-login.png\",\"contentUrl\":\"https:\\\/\\\/nomis.hr\\\/wp-content\\\/uploads\\\/2021\\\/03\\\/Nomis-logo-admin-login.png\",\"width\":640,\"height\":163,\"caption\":\"Nomis\"},\"image\":{\"@id\":\"https:\\\/\\\/nomis.hr\\\/#\\\/schema\\\/logo\\\/image\\\/\"}},{\"@type\":\"Person\",\"@id\":\"https:\\\/\\\/nomis.hr\\\/#\\\/schema\\\/person\\\/3e9738cd37dba3b4ba61feaaeeb03a64\",\"name\":\"Ana Pecanic\",\"image\":{\"@type\":\"ImageObject\",\"inLanguage\":\"sr-RS\",\"@id\":\"https:\\\/\\\/secure.gravatar.com\\\/avatar\\\/f92997b9ff3ba7e3b818815a1f35ca2c7d544830b8a3c09f226a9eaa905c335c?s=96&d=mm&r=g\",\"url\":\"https:\\\/\\\/secure.gravatar.com\\\/avatar\\\/f92997b9ff3ba7e3b818815a1f35ca2c7d544830b8a3c09f226a9eaa905c335c?s=96&d=mm&r=g\",\"contentUrl\":\"https:\\\/\\\/secure.gravatar.com\\\/avatar\\\/f92997b9ff3ba7e3b818815a1f35ca2c7d544830b8a3c09f226a9eaa905c335c?s=96&d=mm&r=g\",\"caption\":\"Ana Pecanic\"},\"url\":\"https:\\\/\\\/nomis.hr\\\/sr\\\/author\\\/ananomis\\\/\"}]}<\/script>\n<!-- \/ Yoast SEO plugin. -->","yoast_head_json":{"title":"Konferencija NOMIS MAKEDONIJA DOOEL - Nomis","robots":{"index":"index","follow":"follow","max-snippet":"max-snippet:-1","max-image-preview":"max-image-preview:large","max-video-preview":"max-video-preview:-1"},"canonical":"https:\/\/nomis.hr\/sr\/2018\/11\/22\/konferencija-nomis-makedonija-dooel\/","og_locale":"sr_RS","og_type":"article","og_title":"Konferencija NOMIS MAKEDONIJA DOOEL - Nomis","og_description":"...","og_url":"https:\/\/nomis.hr\/sr\/2018\/11\/22\/konferencija-nomis-makedonija-dooel\/","og_site_name":"Nomis","article_published_time":"2018-11-22T15:23:58+00:00","article_modified_time":"2023-05-18T14:27:50+00:00","og_image":[{"width":1280,"height":640,"url":"https:\/\/nomis.hr\/wp-content\/uploads\/2022\/06\/Konferencija-NOMIS-MAKEDONIJA-DOOEL.jpeg","type":"image\/jpeg"}],"author":"Ana Pecanic","twitter_card":"summary_large_image","twitter_misc":{"\u041d\u0430\u043f\u0438\u0441\u0430\u043d\u043e \u043e\u0434":"Ana Pecanic","\u041f\u0440\u043e\u0446\u0435\u045a\u0435\u043d\u043e \u0432\u0440\u0435\u043c\u0435 \u0447\u0438\u0442\u0430\u045a\u0430":"1 \u043c\u0438\u043d\u0443\u0442"},"schema":{"@context":"https:\/\/schema.org","@graph":[{"@type":"Article","@id":"https:\/\/nomis.hr\/sr\/2018\/11\/22\/konferencija-nomis-makedonija-dooel\/#article","isPartOf":{"@id":"https:\/\/nomis.hr\/sr\/2018\/11\/22\/konferencija-nomis-makedonija-dooel\/"},"author":{"name":"Ana Pecanic","@id":"https:\/\/nomis.hr\/#\/schema\/person\/3e9738cd37dba3b4ba61feaaeeb03a64"},"headline":"Konferencija NOMIS MAKEDONIJA DOOEL","datePublished":"2018-11-22T15:23:58+00:00","dateModified":"2023-05-18T14:27:50+00:00","mainEntityOfPage":{"@id":"https:\/\/nomis.hr\/sr\/2018\/11\/22\/konferencija-nomis-makedonija-dooel\/"},"wordCount":223,"publisher":{"@id":"https:\/\/nomis.hr\/#organization"},"image":{"@id":"https:\/\/nomis.hr\/sr\/2018\/11\/22\/konferencija-nomis-makedonija-dooel\/#primaryimage"},"thumbnailUrl":"https:\/\/nomis.hr\/wp-content\/uploads\/2022\/06\/Zbog-povecanja-obujma-posla-otvorena-NOMIS-podruznica-u-Makedoniji_banner.jpg","articleSection":["Uncategorized @sr"],"inLanguage":"sr-RS"},{"@type":"WebPage","@id":"https:\/\/nomis.hr\/sr\/2018\/11\/22\/konferencija-nomis-makedonija-dooel\/","url":"https:\/\/nomis.hr\/sr\/2018\/11\/22\/konferencija-nomis-makedonija-dooel\/","name":"Konferencija NOMIS MAKEDONIJA DOOEL - Nomis","isPartOf":{"@id":"https:\/\/nomis.hr\/#website"},"primaryImageOfPage":{"@id":"https:\/\/nomis.hr\/sr\/2018\/11\/22\/konferencija-nomis-makedonija-dooel\/#primaryimage"},"image":{"@id":"https:\/\/nomis.hr\/sr\/2018\/11\/22\/konferencija-nomis-makedonija-dooel\/#primaryimage"},"thumbnailUrl":"https:\/\/nomis.hr\/wp-content\/uploads\/2022\/06\/Zbog-povecanja-obujma-posla-otvorena-NOMIS-podruznica-u-Makedoniji_banner.jpg","datePublished":"2018-11-22T15:23:58+00:00","dateModified":"2023-05-18T14:27:50+00:00","breadcrumb":{"@id":"https:\/\/nomis.hr\/sr\/2018\/11\/22\/konferencija-nomis-makedonija-dooel\/#breadcrumb"},"inLanguage":"sr-RS","potentialAction":[{"@type":"ReadAction","target":["https:\/\/nomis.hr\/sr\/2018\/11\/22\/konferencija-nomis-makedonija-dooel\/"]}]},{"@type":"ImageObject","inLanguage":"sr-RS","@id":"https:\/\/nomis.hr\/sr\/2018\/11\/22\/konferencija-nomis-makedonija-dooel\/#primaryimage","url":"https:\/\/nomis.hr\/wp-content\/uploads\/2022\/06\/Zbog-povecanja-obujma-posla-otvorena-NOMIS-podruznica-u-Makedoniji_banner.jpg","contentUrl":"https:\/\/nomis.hr\/wp-content\/uploads\/2022\/06\/Zbog-povecanja-obujma-posla-otvorena-NOMIS-podruznica-u-Makedoniji_banner.jpg","width":1280,"height":640},{"@type":"BreadcrumbList","@id":"https:\/\/nomis.hr\/sr\/2018\/11\/22\/konferencija-nomis-makedonija-dooel\/#breadcrumb","itemListElement":[{"@type":"ListItem","position":1,"name":"Home","item":"https:\/\/nomis.hr\/sr\/"},{"@type":"ListItem","position":2,"name":"Konferencija NOMIS MAKEDONIJA DOOEL"}]},{"@type":"WebSite","@id":"https:\/\/nomis.hr\/#website","url":"https:\/\/nomis.hr\/","name":"Nomis","description":"Sve za preradu polimera i metala na jednom mjestu!","publisher":{"@id":"https:\/\/nomis.hr\/#organization"},"potentialAction":[{"@type":"SearchAction","target":{"@type":"EntryPoint","urlTemplate":"https:\/\/nomis.hr\/?s={search_term_string}"},"query-input":{"@type":"PropertyValueSpecification","valueRequired":true,"valueName":"search_term_string"}}],"inLanguage":"sr-RS"},{"@type":"Organization","@id":"https:\/\/nomis.hr\/#organization","name":"Nomis","url":"https:\/\/nomis.hr\/","logo":{"@type":"ImageObject","inLanguage":"sr-RS","@id":"https:\/\/nomis.hr\/#\/schema\/logo\/image\/","url":"https:\/\/nomis.hr\/wp-content\/uploads\/2021\/03\/Nomis-logo-admin-login.png","contentUrl":"https:\/\/nomis.hr\/wp-content\/uploads\/2021\/03\/Nomis-logo-admin-login.png","width":640,"height":163,"caption":"Nomis"},"image":{"@id":"https:\/\/nomis.hr\/#\/schema\/logo\/image\/"}},{"@type":"Person","@id":"https:\/\/nomis.hr\/#\/schema\/person\/3e9738cd37dba3b4ba61feaaeeb03a64","name":"Ana Pecanic","image":{"@type":"ImageObject","inLanguage":"sr-RS","@id":"https:\/\/secure.gravatar.com\/avatar\/f92997b9ff3ba7e3b818815a1f35ca2c7d544830b8a3c09f226a9eaa905c335c?s=96&d=mm&r=g","url":"https:\/\/secure.gravatar.com\/avatar\/f92997b9ff3ba7e3b818815a1f35ca2c7d544830b8a3c09f226a9eaa905c335c?s=96&d=mm&r=g","contentUrl":"https:\/\/secure.gravatar.com\/avatar\/f92997b9ff3ba7e3b818815a1f35ca2c7d544830b8a3c09f226a9eaa905c335c?s=96&d=mm&r=g","caption":"Ana Pecanic"},"url":"https:\/\/nomis.hr\/sr\/author\/ananomis\/"}]}},"_links":{"self":[{"href":"https:\/\/nomis.hr\/sr\/wp-json\/wp\/v2\/posts\/4912","targetHints":{"allow":["GET"]}}],"collection":[{"href":"https:\/\/nomis.hr\/sr\/wp-json\/wp\/v2\/posts"}],"about":[{"href":"https:\/\/nomis.hr\/sr\/wp-json\/wp\/v2\/types\/post"}],"author":[{"embeddable":true,"href":"https:\/\/nomis.hr\/sr\/wp-json\/wp\/v2\/users\/2"}],"replies":[{"embeddable":true,"href":"https:\/\/nomis.hr\/sr\/wp-json\/wp\/v2\/comments?post=4912"}],"version-history":[{"count":2,"href":"https:\/\/nomis.hr\/sr\/wp-json\/wp\/v2\/posts\/4912\/revisions"}],"predecessor-version":[{"id":4914,"href":"https:\/\/nomis.hr\/sr\/wp-json\/wp\/v2\/posts\/4912\/revisions\/4914"}],"wp:featuredmedia":[{"embeddable":true,"href":"https:\/\/nomis.hr\/sr\/wp-json\/wp\/v2\/media\/4746"}],"wp:attachment":[{"href":"https:\/\/nomis.hr\/sr\/wp-json\/wp\/v2\/media?parent=4912"}],"wp:term":[{"taxonomy":"category","embeddable":true,"href":"https:\/\/nomis.hr\/sr\/wp-json\/wp\/v2\/categories?post=4912"},{"taxonomy":"post_tag","embeddable":true,"href":"https:\/\/nomis.hr\/sr\/wp-json\/wp\/v2\/tags?post=4912"}],"curies":[{"name":"wp","href":"https:\/\/api.w.org\/{rel}","templated":true}]}}