{"id":4922,"date":"2018-10-05T16:28:01","date_gmt":"2018-10-05T14:28:01","guid":{"rendered":"https:\/\/nomis.hr\/?p=4922"},"modified":"2023-05-18T16:29:29","modified_gmt":"2023-05-18T14:29:29","slug":"pridruzite-nam-se-na-sajmu-plastike-fakuma","status":"publish","type":"post","link":"https:\/\/nomis.hr\/sr\/2018\/10\/05\/pridruzite-nam-se-na-sajmu-plastike-fakuma\/","title":{"rendered":"Pridru\u017eite nam se na sajmu plastike Fakuma!"},"content":{"rendered":"<div class=\"att-intro\">\n<h4>Firma NOMIS kao zastupnik ARBURG-a poziva Vas na 26. sajam plastike Fakuma koji \u0107e se odr\u017eavati od 16. do 20. Oktobra 2018. u Friedrichshafen-u.<\/h4>\n<p>Na ovogodi\u0161njem sajmu ARBURG \u0107e posetiteljima pru\u017eiti priliku da do\u017eive budu\u0107nost injekcijskog brizganja digitalno i u stvarnosti, na \u201ePutu ka digitalizaciji\u201c na \u0161tandu 3101 u hali A3. \u201ePut ka digitalizaciji\u201c upu\u0107uje na put prema dokazanoj i u\u010dinkovitoj proizvodnji plasti\u010dnih delova u budu\u0107nosti. To uklju\u010duje predstavljanje novog korisni\u010dkog portala i primera \u201epametnih usluga\u201c. Tako\u0111e, na Fakumi \u0107e se premijerno predstaviti ALLROUNDER 820H s novim dizajnom, te prvi put i u verziju za pakovanje kao i Arburg upravlja\u010dki modul klju\u010d u ruke (ATCM). Daljnji naglasci uklju\u010duju i prakti\u010dan primer industrije 4.0, LSR injekcijsko brizganje mikro komponenata te ALLROUNDER ma\u0161ine u svojoj novoj svetlosivoj, tamnosivoj i zelenoj boji.<\/p>\n<p>Posetite nas na Arburgovom \u0161tandu u hali A3, \u0161tand 3101 i saznajte sve o najnovijim dostignu\u0107ima i mogu\u0107nostima, te sofisticiranim re\u0161enjima Arburgove tehnologije.<\/p>\n<p>Neki od na\u0161ih ostalih principala \u0107e tako\u0111er biti prisutni na ovogodi\u0161njem sajmu:<\/p>\n<ul>\n<li>Greenbox\/Frigel, hala A5, \u0161tand 5108<\/li>\n<li>Moretto, hala B3, \u0161tand 3208<\/li>\n<li>Rapid, hala B1, \u0161tand 1108<\/li>\n<li>BASF, hala B4, \u0161tand 4306<\/li>\n<li>MOL Petrochemicals, hala B5, \u0161tand 5412<\/li>\n<li>Lanxess, hala B4, \u0161tand 4209<\/li>\n<li>Chem Trend, hala B5, \u0161tand 5225<\/li>\n<\/ul>\n<p>&nbsp;<\/p>\n<p>Veselimo se Va\u0161oj poseti!<\/p>\n<\/div>\n","protected":false},"excerpt":{"rendered":"<p>  &#8230;<\/p>\n","protected":false},"author":2,"featured_media":4737,"comment_status":"closed","ping_status":"open","sticky":false,"template":"","format":"standard","meta":{"footnotes":""},"categories":[198],"tags":[],"class_list":["post-4922","post","type-post","status-publish","format-standard","has-post-thumbnail","hentry","category-uncategorized-sr"],"yoast_head":"<!-- This site is optimized with the Yoast SEO plugin v27.4 - https:\/\/yoast.com\/product\/yoast-seo-wordpress\/ -->\n<title>Pridru\u017eite nam se na sajmu plastike Fakuma! - Nomis<\/title>\n<meta name=\"robots\" content=\"index, follow, max-snippet:-1, max-image-preview:large, max-video-preview:-1\" \/>\n<link rel=\"canonical\" href=\"https:\/\/nomis.hr\/sr\/2018\/10\/05\/pridruzite-nam-se-na-sajmu-plastike-fakuma\/\" \/>\n<meta property=\"og:locale\" content=\"sr_RS\" \/>\n<meta property=\"og:type\" content=\"article\" \/>\n<meta property=\"og:title\" content=\"Pridru\u017eite nam se na sajmu plastike Fakuma! - Nomis\" \/>\n<meta property=\"og:description\" content=\"...\" \/>\n<meta property=\"og:url\" content=\"https:\/\/nomis.hr\/sr\/2018\/10\/05\/pridruzite-nam-se-na-sajmu-plastike-fakuma\/\" \/>\n<meta property=\"og:site_name\" content=\"Nomis\" \/>\n<meta property=\"article:published_time\" content=\"2018-10-05T14:28:01+00:00\" \/>\n<meta property=\"article:modified_time\" content=\"2023-05-18T14:29:29+00:00\" \/>\n<meta property=\"og:image\" content=\"https:\/\/nomis.hr\/wp-content\/uploads\/2022\/06\/Pridruzite-nam-se-na-sajmu-plastike-Fakuma_banner.jpg\" \/>\n\t<meta property=\"og:image:width\" content=\"1280\" \/>\n\t<meta property=\"og:image:height\" content=\"640\" \/>\n\t<meta property=\"og:image:type\" content=\"image\/jpeg\" \/>\n<meta name=\"author\" content=\"Ana Pecanic\" \/>\n<meta name=\"twitter:card\" content=\"summary_large_image\" \/>\n<meta name=\"twitter:label1\" content=\"\u041d\u0430\u043f\u0438\u0441\u0430\u043d\u043e \u043e\u0434\" \/>\n\t<meta name=\"twitter:data1\" content=\"Ana Pecanic\" \/>\n\t<meta name=\"twitter:label2\" content=\"\u041f\u0440\u043e\u0446\u0435\u045a\u0435\u043d\u043e \u0432\u0440\u0435\u043c\u0435 \u0447\u0438\u0442\u0430\u045a\u0430\" \/>\n\t<meta name=\"twitter:data2\" content=\"1 \u043c\u0438\u043d\u0443\u0442\" \/>\n<script type=\"application\/ld+json\" class=\"yoast-schema-graph\">{\"@context\":\"https:\\\/\\\/schema.org\",\"@graph\":[{\"@type\":\"Article\",\"@id\":\"https:\\\/\\\/nomis.hr\\\/sr\\\/2018\\\/10\\\/05\\\/pridruzite-nam-se-na-sajmu-plastike-fakuma\\\/#article\",\"isPartOf\":{\"@id\":\"https:\\\/\\\/nomis.hr\\\/sr\\\/2018\\\/10\\\/05\\\/pridruzite-nam-se-na-sajmu-plastike-fakuma\\\/\"},\"author\":{\"name\":\"Ana Pecanic\",\"@id\":\"https:\\\/\\\/nomis.hr\\\/#\\\/schema\\\/person\\\/3e9738cd37dba3b4ba61feaaeeb03a64\"},\"headline\":\"Pridru\u017eite nam se na sajmu plastike Fakuma!\",\"datePublished\":\"2018-10-05T14:28:01+00:00\",\"dateModified\":\"2023-05-18T14:29:29+00:00\",\"mainEntityOfPage\":{\"@id\":\"https:\\\/\\\/nomis.hr\\\/sr\\\/2018\\\/10\\\/05\\\/pridruzite-nam-se-na-sajmu-plastike-fakuma\\\/\"},\"wordCount\":224,\"publisher\":{\"@id\":\"https:\\\/\\\/nomis.hr\\\/#organization\"},\"image\":{\"@id\":\"https:\\\/\\\/nomis.hr\\\/sr\\\/2018\\\/10\\\/05\\\/pridruzite-nam-se-na-sajmu-plastike-fakuma\\\/#primaryimage\"},\"thumbnailUrl\":\"https:\\\/\\\/nomis.hr\\\/wp-content\\\/uploads\\\/2022\\\/06\\\/Pridruzite-nam-se-na-sajmu-plastike-Fakuma_banner.jpg\",\"articleSection\":[\"Uncategorized @sr\"],\"inLanguage\":\"sr-RS\"},{\"@type\":\"WebPage\",\"@id\":\"https:\\\/\\\/nomis.hr\\\/sr\\\/2018\\\/10\\\/05\\\/pridruzite-nam-se-na-sajmu-plastike-fakuma\\\/\",\"url\":\"https:\\\/\\\/nomis.hr\\\/sr\\\/2018\\\/10\\\/05\\\/pridruzite-nam-se-na-sajmu-plastike-fakuma\\\/\",\"name\":\"Pridru\u017eite nam se na sajmu plastike Fakuma! - Nomis\",\"isPartOf\":{\"@id\":\"https:\\\/\\\/nomis.hr\\\/#website\"},\"primaryImageOfPage\":{\"@id\":\"https:\\\/\\\/nomis.hr\\\/sr\\\/2018\\\/10\\\/05\\\/pridruzite-nam-se-na-sajmu-plastike-fakuma\\\/#primaryimage\"},\"image\":{\"@id\":\"https:\\\/\\\/nomis.hr\\\/sr\\\/2018\\\/10\\\/05\\\/pridruzite-nam-se-na-sajmu-plastike-fakuma\\\/#primaryimage\"},\"thumbnailUrl\":\"https:\\\/\\\/nomis.hr\\\/wp-content\\\/uploads\\\/2022\\\/06\\\/Pridruzite-nam-se-na-sajmu-plastike-Fakuma_banner.jpg\",\"datePublished\":\"2018-10-05T14:28:01+00:00\",\"dateModified\":\"2023-05-18T14:29:29+00:00\",\"breadcrumb\":{\"@id\":\"https:\\\/\\\/nomis.hr\\\/sr\\\/2018\\\/10\\\/05\\\/pridruzite-nam-se-na-sajmu-plastike-fakuma\\\/#breadcrumb\"},\"inLanguage\":\"sr-RS\",\"potentialAction\":[{\"@type\":\"ReadAction\",\"target\":[\"https:\\\/\\\/nomis.hr\\\/sr\\\/2018\\\/10\\\/05\\\/pridruzite-nam-se-na-sajmu-plastike-fakuma\\\/\"]}]},{\"@type\":\"ImageObject\",\"inLanguage\":\"sr-RS\",\"@id\":\"https:\\\/\\\/nomis.hr\\\/sr\\\/2018\\\/10\\\/05\\\/pridruzite-nam-se-na-sajmu-plastike-fakuma\\\/#primaryimage\",\"url\":\"https:\\\/\\\/nomis.hr\\\/wp-content\\\/uploads\\\/2022\\\/06\\\/Pridruzite-nam-se-na-sajmu-plastike-Fakuma_banner.jpg\",\"contentUrl\":\"https:\\\/\\\/nomis.hr\\\/wp-content\\\/uploads\\\/2022\\\/06\\\/Pridruzite-nam-se-na-sajmu-plastike-Fakuma_banner.jpg\",\"width\":1280,\"height\":640},{\"@type\":\"BreadcrumbList\",\"@id\":\"https:\\\/\\\/nomis.hr\\\/sr\\\/2018\\\/10\\\/05\\\/pridruzite-nam-se-na-sajmu-plastike-fakuma\\\/#breadcrumb\",\"itemListElement\":[{\"@type\":\"ListItem\",\"position\":1,\"name\":\"Home\",\"item\":\"https:\\\/\\\/nomis.hr\\\/sr\\\/\"},{\"@type\":\"ListItem\",\"position\":2,\"name\":\"Pridru\u017eite nam se na sajmu plastike Fakuma!\"}]},{\"@type\":\"WebSite\",\"@id\":\"https:\\\/\\\/nomis.hr\\\/#website\",\"url\":\"https:\\\/\\\/nomis.hr\\\/\",\"name\":\"Nomis\",\"description\":\"Sve za preradu polimera i metala na jednom mjestu!\",\"publisher\":{\"@id\":\"https:\\\/\\\/nomis.hr\\\/#organization\"},\"potentialAction\":[{\"@type\":\"SearchAction\",\"target\":{\"@type\":\"EntryPoint\",\"urlTemplate\":\"https:\\\/\\\/nomis.hr\\\/?s={search_term_string}\"},\"query-input\":{\"@type\":\"PropertyValueSpecification\",\"valueRequired\":true,\"valueName\":\"search_term_string\"}}],\"inLanguage\":\"sr-RS\"},{\"@type\":\"Organization\",\"@id\":\"https:\\\/\\\/nomis.hr\\\/#organization\",\"name\":\"Nomis\",\"url\":\"https:\\\/\\\/nomis.hr\\\/\",\"logo\":{\"@type\":\"ImageObject\",\"inLanguage\":\"sr-RS\",\"@id\":\"https:\\\/\\\/nomis.hr\\\/#\\\/schema\\\/logo\\\/image\\\/\",\"url\":\"https:\\\/\\\/nomis.hr\\\/wp-content\\\/uploads\\\/2021\\\/03\\\/Nomis-logo-admin-login.png\",\"contentUrl\":\"https:\\\/\\\/nomis.hr\\\/wp-content\\\/uploads\\\/2021\\\/03\\\/Nomis-logo-admin-login.png\",\"width\":640,\"height\":163,\"caption\":\"Nomis\"},\"image\":{\"@id\":\"https:\\\/\\\/nomis.hr\\\/#\\\/schema\\\/logo\\\/image\\\/\"}},{\"@type\":\"Person\",\"@id\":\"https:\\\/\\\/nomis.hr\\\/#\\\/schema\\\/person\\\/3e9738cd37dba3b4ba61feaaeeb03a64\",\"name\":\"Ana Pecanic\",\"image\":{\"@type\":\"ImageObject\",\"inLanguage\":\"sr-RS\",\"@id\":\"https:\\\/\\\/secure.gravatar.com\\\/avatar\\\/f92997b9ff3ba7e3b818815a1f35ca2c7d544830b8a3c09f226a9eaa905c335c?s=96&d=mm&r=g\",\"url\":\"https:\\\/\\\/secure.gravatar.com\\\/avatar\\\/f92997b9ff3ba7e3b818815a1f35ca2c7d544830b8a3c09f226a9eaa905c335c?s=96&d=mm&r=g\",\"contentUrl\":\"https:\\\/\\\/secure.gravatar.com\\\/avatar\\\/f92997b9ff3ba7e3b818815a1f35ca2c7d544830b8a3c09f226a9eaa905c335c?s=96&d=mm&r=g\",\"caption\":\"Ana Pecanic\"},\"url\":\"https:\\\/\\\/nomis.hr\\\/sr\\\/author\\\/ananomis\\\/\"}]}<\/script>\n<!-- \/ Yoast SEO plugin. -->","yoast_head_json":{"title":"Pridru\u017eite nam se na sajmu plastike Fakuma! - Nomis","robots":{"index":"index","follow":"follow","max-snippet":"max-snippet:-1","max-image-preview":"max-image-preview:large","max-video-preview":"max-video-preview:-1"},"canonical":"https:\/\/nomis.hr\/sr\/2018\/10\/05\/pridruzite-nam-se-na-sajmu-plastike-fakuma\/","og_locale":"sr_RS","og_type":"article","og_title":"Pridru\u017eite nam se na sajmu plastike Fakuma! - Nomis","og_description":"...","og_url":"https:\/\/nomis.hr\/sr\/2018\/10\/05\/pridruzite-nam-se-na-sajmu-plastike-fakuma\/","og_site_name":"Nomis","article_published_time":"2018-10-05T14:28:01+00:00","article_modified_time":"2023-05-18T14:29:29+00:00","og_image":[{"width":1280,"height":640,"url":"https:\/\/nomis.hr\/wp-content\/uploads\/2022\/06\/Pridruzite-nam-se-na-sajmu-plastike-Fakuma_banner.jpg","type":"image\/jpeg"}],"author":"Ana Pecanic","twitter_card":"summary_large_image","twitter_misc":{"\u041d\u0430\u043f\u0438\u0441\u0430\u043d\u043e \u043e\u0434":"Ana Pecanic","\u041f\u0440\u043e\u0446\u0435\u045a\u0435\u043d\u043e \u0432\u0440\u0435\u043c\u0435 \u0447\u0438\u0442\u0430\u045a\u0430":"1 \u043c\u0438\u043d\u0443\u0442"},"schema":{"@context":"https:\/\/schema.org","@graph":[{"@type":"Article","@id":"https:\/\/nomis.hr\/sr\/2018\/10\/05\/pridruzite-nam-se-na-sajmu-plastike-fakuma\/#article","isPartOf":{"@id":"https:\/\/nomis.hr\/sr\/2018\/10\/05\/pridruzite-nam-se-na-sajmu-plastike-fakuma\/"},"author":{"name":"Ana Pecanic","@id":"https:\/\/nomis.hr\/#\/schema\/person\/3e9738cd37dba3b4ba61feaaeeb03a64"},"headline":"Pridru\u017eite nam se na sajmu plastike Fakuma!","datePublished":"2018-10-05T14:28:01+00:00","dateModified":"2023-05-18T14:29:29+00:00","mainEntityOfPage":{"@id":"https:\/\/nomis.hr\/sr\/2018\/10\/05\/pridruzite-nam-se-na-sajmu-plastike-fakuma\/"},"wordCount":224,"publisher":{"@id":"https:\/\/nomis.hr\/#organization"},"image":{"@id":"https:\/\/nomis.hr\/sr\/2018\/10\/05\/pridruzite-nam-se-na-sajmu-plastike-fakuma\/#primaryimage"},"thumbnailUrl":"https:\/\/nomis.hr\/wp-content\/uploads\/2022\/06\/Pridruzite-nam-se-na-sajmu-plastike-Fakuma_banner.jpg","articleSection":["Uncategorized @sr"],"inLanguage":"sr-RS"},{"@type":"WebPage","@id":"https:\/\/nomis.hr\/sr\/2018\/10\/05\/pridruzite-nam-se-na-sajmu-plastike-fakuma\/","url":"https:\/\/nomis.hr\/sr\/2018\/10\/05\/pridruzite-nam-se-na-sajmu-plastike-fakuma\/","name":"Pridru\u017eite nam se na sajmu plastike Fakuma! - Nomis","isPartOf":{"@id":"https:\/\/nomis.hr\/#website"},"primaryImageOfPage":{"@id":"https:\/\/nomis.hr\/sr\/2018\/10\/05\/pridruzite-nam-se-na-sajmu-plastike-fakuma\/#primaryimage"},"image":{"@id":"https:\/\/nomis.hr\/sr\/2018\/10\/05\/pridruzite-nam-se-na-sajmu-plastike-fakuma\/#primaryimage"},"thumbnailUrl":"https:\/\/nomis.hr\/wp-content\/uploads\/2022\/06\/Pridruzite-nam-se-na-sajmu-plastike-Fakuma_banner.jpg","datePublished":"2018-10-05T14:28:01+00:00","dateModified":"2023-05-18T14:29:29+00:00","breadcrumb":{"@id":"https:\/\/nomis.hr\/sr\/2018\/10\/05\/pridruzite-nam-se-na-sajmu-plastike-fakuma\/#breadcrumb"},"inLanguage":"sr-RS","potentialAction":[{"@type":"ReadAction","target":["https:\/\/nomis.hr\/sr\/2018\/10\/05\/pridruzite-nam-se-na-sajmu-plastike-fakuma\/"]}]},{"@type":"ImageObject","inLanguage":"sr-RS","@id":"https:\/\/nomis.hr\/sr\/2018\/10\/05\/pridruzite-nam-se-na-sajmu-plastike-fakuma\/#primaryimage","url":"https:\/\/nomis.hr\/wp-content\/uploads\/2022\/06\/Pridruzite-nam-se-na-sajmu-plastike-Fakuma_banner.jpg","contentUrl":"https:\/\/nomis.hr\/wp-content\/uploads\/2022\/06\/Pridruzite-nam-se-na-sajmu-plastike-Fakuma_banner.jpg","width":1280,"height":640},{"@type":"BreadcrumbList","@id":"https:\/\/nomis.hr\/sr\/2018\/10\/05\/pridruzite-nam-se-na-sajmu-plastike-fakuma\/#breadcrumb","itemListElement":[{"@type":"ListItem","position":1,"name":"Home","item":"https:\/\/nomis.hr\/sr\/"},{"@type":"ListItem","position":2,"name":"Pridru\u017eite nam se na sajmu plastike Fakuma!"}]},{"@type":"WebSite","@id":"https:\/\/nomis.hr\/#website","url":"https:\/\/nomis.hr\/","name":"Nomis","description":"Sve za preradu polimera i metala na jednom mjestu!","publisher":{"@id":"https:\/\/nomis.hr\/#organization"},"potentialAction":[{"@type":"SearchAction","target":{"@type":"EntryPoint","urlTemplate":"https:\/\/nomis.hr\/?s={search_term_string}"},"query-input":{"@type":"PropertyValueSpecification","valueRequired":true,"valueName":"search_term_string"}}],"inLanguage":"sr-RS"},{"@type":"Organization","@id":"https:\/\/nomis.hr\/#organization","name":"Nomis","url":"https:\/\/nomis.hr\/","logo":{"@type":"ImageObject","inLanguage":"sr-RS","@id":"https:\/\/nomis.hr\/#\/schema\/logo\/image\/","url":"https:\/\/nomis.hr\/wp-content\/uploads\/2021\/03\/Nomis-logo-admin-login.png","contentUrl":"https:\/\/nomis.hr\/wp-content\/uploads\/2021\/03\/Nomis-logo-admin-login.png","width":640,"height":163,"caption":"Nomis"},"image":{"@id":"https:\/\/nomis.hr\/#\/schema\/logo\/image\/"}},{"@type":"Person","@id":"https:\/\/nomis.hr\/#\/schema\/person\/3e9738cd37dba3b4ba61feaaeeb03a64","name":"Ana Pecanic","image":{"@type":"ImageObject","inLanguage":"sr-RS","@id":"https:\/\/secure.gravatar.com\/avatar\/f92997b9ff3ba7e3b818815a1f35ca2c7d544830b8a3c09f226a9eaa905c335c?s=96&d=mm&r=g","url":"https:\/\/secure.gravatar.com\/avatar\/f92997b9ff3ba7e3b818815a1f35ca2c7d544830b8a3c09f226a9eaa905c335c?s=96&d=mm&r=g","contentUrl":"https:\/\/secure.gravatar.com\/avatar\/f92997b9ff3ba7e3b818815a1f35ca2c7d544830b8a3c09f226a9eaa905c335c?s=96&d=mm&r=g","caption":"Ana Pecanic"},"url":"https:\/\/nomis.hr\/sr\/author\/ananomis\/"}]}},"_links":{"self":[{"href":"https:\/\/nomis.hr\/sr\/wp-json\/wp\/v2\/posts\/4922","targetHints":{"allow":["GET"]}}],"collection":[{"href":"https:\/\/nomis.hr\/sr\/wp-json\/wp\/v2\/posts"}],"about":[{"href":"https:\/\/nomis.hr\/sr\/wp-json\/wp\/v2\/types\/post"}],"author":[{"embeddable":true,"href":"https:\/\/nomis.hr\/sr\/wp-json\/wp\/v2\/users\/2"}],"replies":[{"embeddable":true,"href":"https:\/\/nomis.hr\/sr\/wp-json\/wp\/v2\/comments?post=4922"}],"version-history":[{"count":2,"href":"https:\/\/nomis.hr\/sr\/wp-json\/wp\/v2\/posts\/4922\/revisions"}],"predecessor-version":[{"id":4924,"href":"https:\/\/nomis.hr\/sr\/wp-json\/wp\/v2\/posts\/4922\/revisions\/4924"}],"wp:featuredmedia":[{"embeddable":true,"href":"https:\/\/nomis.hr\/sr\/wp-json\/wp\/v2\/media\/4737"}],"wp:attachment":[{"href":"https:\/\/nomis.hr\/sr\/wp-json\/wp\/v2\/media?parent=4922"}],"wp:term":[{"taxonomy":"category","embeddable":true,"href":"https:\/\/nomis.hr\/sr\/wp-json\/wp\/v2\/categories?post=4922"},{"taxonomy":"post_tag","embeddable":true,"href":"https:\/\/nomis.hr\/sr\/wp-json\/wp\/v2\/tags?post=4922"}],"curies":[{"name":"wp","href":"https:\/\/api.w.org\/{rel}","templated":true}]}}