{"id":4937,"date":"2018-03-23T16:42:12","date_gmt":"2018-03-23T15:42:12","guid":{"rendered":"https:\/\/nomis.hr\/?p=4937"},"modified":"2023-05-18T16:42:35","modified_gmt":"2023-05-18T14:42:35","slug":"arburg-tehnoloski-dani-2018","status":"publish","type":"post","link":"https:\/\/nomis.hr\/sr\/2018\/03\/23\/arburg-tehnoloski-dani-2018\/","title":{"rendered":"ARBURG Tehnolo\u0161ki dani 2018"},"content":{"rendered":"<div class=\"att-intro\">\n<h4>ARBURG Tehnolo\u0161ki dani 2018 odr\u017eani su u sedi\u0161tu u Lossburgu (Nema\u010dka) od 14. do 17. marta 2018.<\/h4>\n<p>Vi\u0161e od 6.300 gostiju iz 54 zemlje posetilo je jedinstveni doga\u0111aj u ovoj industriji kako bi saznali vi\u0161e o inovacijama, najnovijoj tehnologiji i trendovima inekcijskog brizganja i aditivne proizvodnje.<\/p>\n<p>S oko 50 izlo\u017eaka ARBURG je svojim kupcima ponudio jedinstven pregled tehnologija injekcijskog brizganja, industrijske aditivne proizvodnje i industrije 4.0. Najva\u017enije karakteristike uklju\u010duju velike hibridne ma\u0161inee s novim dizajnom i novim upravlja\u010dkim sistemom GESTICA, kao i &#8222;Arenu u\u010dinkovitosti&#8220; s fokusom na &#8222;digitalnu transformaciju&#8220;. Poseban servisni prostor, stru\u010dne prezentacije i fabrika zaokru\u017euje ponudu.<\/p>\n<p>Video s ovogodi\u0161njeg doga\u0111aja mo\u017eete pogledati na linku:\u00a0<a href=\"https:\/\/www.arburg.com\/en\/media-centre\/videos\/company\/arburg-technology-days\/\">https:\/\/www.arburg.com\/en\/media-centre\/videos\/company\/arburg-technology-days\/<\/a><\/p>\n<\/div>\n<div class=\"att-text\"><\/div>\n","protected":false},"excerpt":{"rendered":"<p>  &#8230;<\/p>\n","protected":false},"author":2,"featured_media":4759,"comment_status":"closed","ping_status":"open","sticky":false,"template":"","format":"standard","meta":{"footnotes":""},"categories":[198],"tags":[],"class_list":["post-4937","post","type-post","status-publish","format-standard","has-post-thumbnail","hentry","category-uncategorized-sr"],"yoast_head":"<!-- This site is optimized with the Yoast SEO plugin v27.4 - https:\/\/yoast.com\/product\/yoast-seo-wordpress\/ -->\n<title>ARBURG Tehnolo\u0161ki dani 2018 - Nomis<\/title>\n<meta name=\"robots\" content=\"index, follow, max-snippet:-1, max-image-preview:large, max-video-preview:-1\" \/>\n<link rel=\"canonical\" href=\"https:\/\/nomis.hr\/sr\/2018\/03\/23\/arburg-tehnoloski-dani-2018\/\" \/>\n<meta property=\"og:locale\" content=\"sr_RS\" \/>\n<meta property=\"og:type\" content=\"article\" \/>\n<meta property=\"og:title\" content=\"ARBURG Tehnolo\u0161ki dani 2018 - Nomis\" \/>\n<meta property=\"og:description\" content=\"...\" \/>\n<meta property=\"og:url\" content=\"https:\/\/nomis.hr\/sr\/2018\/03\/23\/arburg-tehnoloski-dani-2018\/\" \/>\n<meta property=\"og:site_name\" content=\"Nomis\" \/>\n<meta property=\"article:published_time\" content=\"2018-03-23T15:42:12+00:00\" \/>\n<meta property=\"article:modified_time\" content=\"2023-05-18T14:42:35+00:00\" \/>\n<meta property=\"og:image\" content=\"https:\/\/nomis.hr\/wp-content\/uploads\/2022\/06\/ARBURG-Tehnoloski-dani-2018_banner.jpg\" \/>\n\t<meta property=\"og:image:width\" content=\"1280\" \/>\n\t<meta property=\"og:image:height\" content=\"640\" \/>\n\t<meta property=\"og:image:type\" content=\"image\/jpeg\" \/>\n<meta name=\"author\" content=\"Ana Pecanic\" \/>\n<meta name=\"twitter:card\" content=\"summary_large_image\" \/>\n<meta name=\"twitter:label1\" content=\"\u041d\u0430\u043f\u0438\u0441\u0430\u043d\u043e \u043e\u0434\" \/>\n\t<meta name=\"twitter:data1\" content=\"Ana Pecanic\" \/>\n\t<meta name=\"twitter:label2\" content=\"\u041f\u0440\u043e\u0446\u0435\u045a\u0435\u043d\u043e \u0432\u0440\u0435\u043c\u0435 \u0447\u0438\u0442\u0430\u045a\u0430\" \/>\n\t<meta name=\"twitter:data2\" content=\"1 \u043c\u0438\u043d\u0443\u0442\" \/>\n<script type=\"application\/ld+json\" class=\"yoast-schema-graph\">{\"@context\":\"https:\\\/\\\/schema.org\",\"@graph\":[{\"@type\":\"Article\",\"@id\":\"https:\\\/\\\/nomis.hr\\\/sr\\\/2018\\\/03\\\/23\\\/arburg-tehnoloski-dani-2018\\\/#article\",\"isPartOf\":{\"@id\":\"https:\\\/\\\/nomis.hr\\\/sr\\\/2018\\\/03\\\/23\\\/arburg-tehnoloski-dani-2018\\\/\"},\"author\":{\"name\":\"Ana Pecanic\",\"@id\":\"https:\\\/\\\/nomis.hr\\\/#\\\/schema\\\/person\\\/3e9738cd37dba3b4ba61feaaeeb03a64\"},\"headline\":\"ARBURG Tehnolo\u0161ki dani 2018\",\"datePublished\":\"2018-03-23T15:42:12+00:00\",\"dateModified\":\"2023-05-18T14:42:35+00:00\",\"mainEntityOfPage\":{\"@id\":\"https:\\\/\\\/nomis.hr\\\/sr\\\/2018\\\/03\\\/23\\\/arburg-tehnoloski-dani-2018\\\/\"},\"wordCount\":129,\"publisher\":{\"@id\":\"https:\\\/\\\/nomis.hr\\\/#organization\"},\"image\":{\"@id\":\"https:\\\/\\\/nomis.hr\\\/sr\\\/2018\\\/03\\\/23\\\/arburg-tehnoloski-dani-2018\\\/#primaryimage\"},\"thumbnailUrl\":\"https:\\\/\\\/nomis.hr\\\/wp-content\\\/uploads\\\/2022\\\/06\\\/ARBURG-Tehnoloski-dani-2018_banner.jpg\",\"articleSection\":[\"Uncategorized @sr\"],\"inLanguage\":\"sr-RS\"},{\"@type\":\"WebPage\",\"@id\":\"https:\\\/\\\/nomis.hr\\\/sr\\\/2018\\\/03\\\/23\\\/arburg-tehnoloski-dani-2018\\\/\",\"url\":\"https:\\\/\\\/nomis.hr\\\/sr\\\/2018\\\/03\\\/23\\\/arburg-tehnoloski-dani-2018\\\/\",\"name\":\"ARBURG Tehnolo\u0161ki dani 2018 - Nomis\",\"isPartOf\":{\"@id\":\"https:\\\/\\\/nomis.hr\\\/#website\"},\"primaryImageOfPage\":{\"@id\":\"https:\\\/\\\/nomis.hr\\\/sr\\\/2018\\\/03\\\/23\\\/arburg-tehnoloski-dani-2018\\\/#primaryimage\"},\"image\":{\"@id\":\"https:\\\/\\\/nomis.hr\\\/sr\\\/2018\\\/03\\\/23\\\/arburg-tehnoloski-dani-2018\\\/#primaryimage\"},\"thumbnailUrl\":\"https:\\\/\\\/nomis.hr\\\/wp-content\\\/uploads\\\/2022\\\/06\\\/ARBURG-Tehnoloski-dani-2018_banner.jpg\",\"datePublished\":\"2018-03-23T15:42:12+00:00\",\"dateModified\":\"2023-05-18T14:42:35+00:00\",\"breadcrumb\":{\"@id\":\"https:\\\/\\\/nomis.hr\\\/sr\\\/2018\\\/03\\\/23\\\/arburg-tehnoloski-dani-2018\\\/#breadcrumb\"},\"inLanguage\":\"sr-RS\",\"potentialAction\":[{\"@type\":\"ReadAction\",\"target\":[\"https:\\\/\\\/nomis.hr\\\/sr\\\/2018\\\/03\\\/23\\\/arburg-tehnoloski-dani-2018\\\/\"]}]},{\"@type\":\"ImageObject\",\"inLanguage\":\"sr-RS\",\"@id\":\"https:\\\/\\\/nomis.hr\\\/sr\\\/2018\\\/03\\\/23\\\/arburg-tehnoloski-dani-2018\\\/#primaryimage\",\"url\":\"https:\\\/\\\/nomis.hr\\\/wp-content\\\/uploads\\\/2022\\\/06\\\/ARBURG-Tehnoloski-dani-2018_banner.jpg\",\"contentUrl\":\"https:\\\/\\\/nomis.hr\\\/wp-content\\\/uploads\\\/2022\\\/06\\\/ARBURG-Tehnoloski-dani-2018_banner.jpg\",\"width\":1280,\"height\":640},{\"@type\":\"BreadcrumbList\",\"@id\":\"https:\\\/\\\/nomis.hr\\\/sr\\\/2018\\\/03\\\/23\\\/arburg-tehnoloski-dani-2018\\\/#breadcrumb\",\"itemListElement\":[{\"@type\":\"ListItem\",\"position\":1,\"name\":\"Home\",\"item\":\"https:\\\/\\\/nomis.hr\\\/sr\\\/\"},{\"@type\":\"ListItem\",\"position\":2,\"name\":\"ARBURG Tehnolo\u0161ki dani 2018\"}]},{\"@type\":\"WebSite\",\"@id\":\"https:\\\/\\\/nomis.hr\\\/#website\",\"url\":\"https:\\\/\\\/nomis.hr\\\/\",\"name\":\"Nomis\",\"description\":\"Sve za preradu polimera i metala na jednom mjestu!\",\"publisher\":{\"@id\":\"https:\\\/\\\/nomis.hr\\\/#organization\"},\"potentialAction\":[{\"@type\":\"SearchAction\",\"target\":{\"@type\":\"EntryPoint\",\"urlTemplate\":\"https:\\\/\\\/nomis.hr\\\/?s={search_term_string}\"},\"query-input\":{\"@type\":\"PropertyValueSpecification\",\"valueRequired\":true,\"valueName\":\"search_term_string\"}}],\"inLanguage\":\"sr-RS\"},{\"@type\":\"Organization\",\"@id\":\"https:\\\/\\\/nomis.hr\\\/#organization\",\"name\":\"Nomis\",\"url\":\"https:\\\/\\\/nomis.hr\\\/\",\"logo\":{\"@type\":\"ImageObject\",\"inLanguage\":\"sr-RS\",\"@id\":\"https:\\\/\\\/nomis.hr\\\/#\\\/schema\\\/logo\\\/image\\\/\",\"url\":\"https:\\\/\\\/nomis.hr\\\/wp-content\\\/uploads\\\/2021\\\/03\\\/Nomis-logo-admin-login.png\",\"contentUrl\":\"https:\\\/\\\/nomis.hr\\\/wp-content\\\/uploads\\\/2021\\\/03\\\/Nomis-logo-admin-login.png\",\"width\":640,\"height\":163,\"caption\":\"Nomis\"},\"image\":{\"@id\":\"https:\\\/\\\/nomis.hr\\\/#\\\/schema\\\/logo\\\/image\\\/\"}},{\"@type\":\"Person\",\"@id\":\"https:\\\/\\\/nomis.hr\\\/#\\\/schema\\\/person\\\/3e9738cd37dba3b4ba61feaaeeb03a64\",\"name\":\"Ana Pecanic\",\"image\":{\"@type\":\"ImageObject\",\"inLanguage\":\"sr-RS\",\"@id\":\"https:\\\/\\\/secure.gravatar.com\\\/avatar\\\/f92997b9ff3ba7e3b818815a1f35ca2c7d544830b8a3c09f226a9eaa905c335c?s=96&d=mm&r=g\",\"url\":\"https:\\\/\\\/secure.gravatar.com\\\/avatar\\\/f92997b9ff3ba7e3b818815a1f35ca2c7d544830b8a3c09f226a9eaa905c335c?s=96&d=mm&r=g\",\"contentUrl\":\"https:\\\/\\\/secure.gravatar.com\\\/avatar\\\/f92997b9ff3ba7e3b818815a1f35ca2c7d544830b8a3c09f226a9eaa905c335c?s=96&d=mm&r=g\",\"caption\":\"Ana Pecanic\"},\"url\":\"https:\\\/\\\/nomis.hr\\\/sr\\\/author\\\/ananomis\\\/\"}]}<\/script>\n<!-- \/ Yoast SEO plugin. -->","yoast_head_json":{"title":"ARBURG Tehnolo\u0161ki dani 2018 - Nomis","robots":{"index":"index","follow":"follow","max-snippet":"max-snippet:-1","max-image-preview":"max-image-preview:large","max-video-preview":"max-video-preview:-1"},"canonical":"https:\/\/nomis.hr\/sr\/2018\/03\/23\/arburg-tehnoloski-dani-2018\/","og_locale":"sr_RS","og_type":"article","og_title":"ARBURG Tehnolo\u0161ki dani 2018 - Nomis","og_description":"...","og_url":"https:\/\/nomis.hr\/sr\/2018\/03\/23\/arburg-tehnoloski-dani-2018\/","og_site_name":"Nomis","article_published_time":"2018-03-23T15:42:12+00:00","article_modified_time":"2023-05-18T14:42:35+00:00","og_image":[{"width":1280,"height":640,"url":"https:\/\/nomis.hr\/wp-content\/uploads\/2022\/06\/ARBURG-Tehnoloski-dani-2018_banner.jpg","type":"image\/jpeg"}],"author":"Ana Pecanic","twitter_card":"summary_large_image","twitter_misc":{"\u041d\u0430\u043f\u0438\u0441\u0430\u043d\u043e \u043e\u0434":"Ana Pecanic","\u041f\u0440\u043e\u0446\u0435\u045a\u0435\u043d\u043e \u0432\u0440\u0435\u043c\u0435 \u0447\u0438\u0442\u0430\u045a\u0430":"1 \u043c\u0438\u043d\u0443\u0442"},"schema":{"@context":"https:\/\/schema.org","@graph":[{"@type":"Article","@id":"https:\/\/nomis.hr\/sr\/2018\/03\/23\/arburg-tehnoloski-dani-2018\/#article","isPartOf":{"@id":"https:\/\/nomis.hr\/sr\/2018\/03\/23\/arburg-tehnoloski-dani-2018\/"},"author":{"name":"Ana Pecanic","@id":"https:\/\/nomis.hr\/#\/schema\/person\/3e9738cd37dba3b4ba61feaaeeb03a64"},"headline":"ARBURG Tehnolo\u0161ki dani 2018","datePublished":"2018-03-23T15:42:12+00:00","dateModified":"2023-05-18T14:42:35+00:00","mainEntityOfPage":{"@id":"https:\/\/nomis.hr\/sr\/2018\/03\/23\/arburg-tehnoloski-dani-2018\/"},"wordCount":129,"publisher":{"@id":"https:\/\/nomis.hr\/#organization"},"image":{"@id":"https:\/\/nomis.hr\/sr\/2018\/03\/23\/arburg-tehnoloski-dani-2018\/#primaryimage"},"thumbnailUrl":"https:\/\/nomis.hr\/wp-content\/uploads\/2022\/06\/ARBURG-Tehnoloski-dani-2018_banner.jpg","articleSection":["Uncategorized @sr"],"inLanguage":"sr-RS"},{"@type":"WebPage","@id":"https:\/\/nomis.hr\/sr\/2018\/03\/23\/arburg-tehnoloski-dani-2018\/","url":"https:\/\/nomis.hr\/sr\/2018\/03\/23\/arburg-tehnoloski-dani-2018\/","name":"ARBURG Tehnolo\u0161ki dani 2018 - Nomis","isPartOf":{"@id":"https:\/\/nomis.hr\/#website"},"primaryImageOfPage":{"@id":"https:\/\/nomis.hr\/sr\/2018\/03\/23\/arburg-tehnoloski-dani-2018\/#primaryimage"},"image":{"@id":"https:\/\/nomis.hr\/sr\/2018\/03\/23\/arburg-tehnoloski-dani-2018\/#primaryimage"},"thumbnailUrl":"https:\/\/nomis.hr\/wp-content\/uploads\/2022\/06\/ARBURG-Tehnoloski-dani-2018_banner.jpg","datePublished":"2018-03-23T15:42:12+00:00","dateModified":"2023-05-18T14:42:35+00:00","breadcrumb":{"@id":"https:\/\/nomis.hr\/sr\/2018\/03\/23\/arburg-tehnoloski-dani-2018\/#breadcrumb"},"inLanguage":"sr-RS","potentialAction":[{"@type":"ReadAction","target":["https:\/\/nomis.hr\/sr\/2018\/03\/23\/arburg-tehnoloski-dani-2018\/"]}]},{"@type":"ImageObject","inLanguage":"sr-RS","@id":"https:\/\/nomis.hr\/sr\/2018\/03\/23\/arburg-tehnoloski-dani-2018\/#primaryimage","url":"https:\/\/nomis.hr\/wp-content\/uploads\/2022\/06\/ARBURG-Tehnoloski-dani-2018_banner.jpg","contentUrl":"https:\/\/nomis.hr\/wp-content\/uploads\/2022\/06\/ARBURG-Tehnoloski-dani-2018_banner.jpg","width":1280,"height":640},{"@type":"BreadcrumbList","@id":"https:\/\/nomis.hr\/sr\/2018\/03\/23\/arburg-tehnoloski-dani-2018\/#breadcrumb","itemListElement":[{"@type":"ListItem","position":1,"name":"Home","item":"https:\/\/nomis.hr\/sr\/"},{"@type":"ListItem","position":2,"name":"ARBURG Tehnolo\u0161ki dani 2018"}]},{"@type":"WebSite","@id":"https:\/\/nomis.hr\/#website","url":"https:\/\/nomis.hr\/","name":"Nomis","description":"Sve za preradu polimera i metala na jednom mjestu!","publisher":{"@id":"https:\/\/nomis.hr\/#organization"},"potentialAction":[{"@type":"SearchAction","target":{"@type":"EntryPoint","urlTemplate":"https:\/\/nomis.hr\/?s={search_term_string}"},"query-input":{"@type":"PropertyValueSpecification","valueRequired":true,"valueName":"search_term_string"}}],"inLanguage":"sr-RS"},{"@type":"Organization","@id":"https:\/\/nomis.hr\/#organization","name":"Nomis","url":"https:\/\/nomis.hr\/","logo":{"@type":"ImageObject","inLanguage":"sr-RS","@id":"https:\/\/nomis.hr\/#\/schema\/logo\/image\/","url":"https:\/\/nomis.hr\/wp-content\/uploads\/2021\/03\/Nomis-logo-admin-login.png","contentUrl":"https:\/\/nomis.hr\/wp-content\/uploads\/2021\/03\/Nomis-logo-admin-login.png","width":640,"height":163,"caption":"Nomis"},"image":{"@id":"https:\/\/nomis.hr\/#\/schema\/logo\/image\/"}},{"@type":"Person","@id":"https:\/\/nomis.hr\/#\/schema\/person\/3e9738cd37dba3b4ba61feaaeeb03a64","name":"Ana Pecanic","image":{"@type":"ImageObject","inLanguage":"sr-RS","@id":"https:\/\/secure.gravatar.com\/avatar\/f92997b9ff3ba7e3b818815a1f35ca2c7d544830b8a3c09f226a9eaa905c335c?s=96&d=mm&r=g","url":"https:\/\/secure.gravatar.com\/avatar\/f92997b9ff3ba7e3b818815a1f35ca2c7d544830b8a3c09f226a9eaa905c335c?s=96&d=mm&r=g","contentUrl":"https:\/\/secure.gravatar.com\/avatar\/f92997b9ff3ba7e3b818815a1f35ca2c7d544830b8a3c09f226a9eaa905c335c?s=96&d=mm&r=g","caption":"Ana Pecanic"},"url":"https:\/\/nomis.hr\/sr\/author\/ananomis\/"}]}},"_links":{"self":[{"href":"https:\/\/nomis.hr\/sr\/wp-json\/wp\/v2\/posts\/4937","targetHints":{"allow":["GET"]}}],"collection":[{"href":"https:\/\/nomis.hr\/sr\/wp-json\/wp\/v2\/posts"}],"about":[{"href":"https:\/\/nomis.hr\/sr\/wp-json\/wp\/v2\/types\/post"}],"author":[{"embeddable":true,"href":"https:\/\/nomis.hr\/sr\/wp-json\/wp\/v2\/users\/2"}],"replies":[{"embeddable":true,"href":"https:\/\/nomis.hr\/sr\/wp-json\/wp\/v2\/comments?post=4937"}],"version-history":[{"count":3,"href":"https:\/\/nomis.hr\/sr\/wp-json\/wp\/v2\/posts\/4937\/revisions"}],"predecessor-version":[{"id":4940,"href":"https:\/\/nomis.hr\/sr\/wp-json\/wp\/v2\/posts\/4937\/revisions\/4940"}],"wp:featuredmedia":[{"embeddable":true,"href":"https:\/\/nomis.hr\/sr\/wp-json\/wp\/v2\/media\/4759"}],"wp:attachment":[{"href":"https:\/\/nomis.hr\/sr\/wp-json\/wp\/v2\/media?parent=4937"}],"wp:term":[{"taxonomy":"category","embeddable":true,"href":"https:\/\/nomis.hr\/sr\/wp-json\/wp\/v2\/categories?post=4937"},{"taxonomy":"post_tag","embeddable":true,"href":"https:\/\/nomis.hr\/sr\/wp-json\/wp\/v2\/tags?post=4937"}],"curies":[{"name":"wp","href":"https:\/\/api.w.org\/{rel}","templated":true}]}}