{"id":6007,"date":"2025-10-09T11:57:08","date_gmt":"2025-10-09T09:57:08","guid":{"rendered":"https:\/\/nomis.hr\/?p=6007"},"modified":"2025-10-16T12:14:59","modified_gmt":"2025-10-16T10:14:59","slug":"arburg-na-sajmu-k-2025-premijera-novih-masina-allrounder-trend","status":"publish","type":"post","link":"https:\/\/nomis.hr\/sr\/2025\/10\/09\/arburg-na-sajmu-k-2025-premijera-novih-masina-allrounder-trend\/","title":{"rendered":"Arburg na sajmu K 2025 \u2013 Premijera novih ma\u0161ina Allrounder Trend"},"content":{"rendered":"<p>Na sajmu K 2025, Arburg predstavlja Allrounder Trend \u2013 potpuno novu seriju elektri\u010dnih ma\u0161ina za standardne primene, postavljaju\u0107i novi globalni standard u oblasti brizganja plastike.<\/p>\n<p><strong>Klju\u010dne karakteristike:<\/strong><\/p>\n<ul>\n<li><strong>Nova serija \u201eTrend\u201c:<\/strong> Elektri\u010dne ma\u0161ine razvijene za pouzdanu i energetski efikasnu proizvodnju standardnih komponenti.<\/li>\n<li><strong>Jednostavne i isplative:<\/strong> Brza isporuka (oko 4 nedelje), laka za rukovanje i odr\u017eavanje, sa niskim ukupnim tro\u0161kovima eksploatacije.<\/li>\n<li><strong>Visoka fleksibilnost:<\/strong> Kompatibilne sa svim Arburg robotskim sistemima i spremne za \u201eklju\u010d u ruke\u201c re\u0161enja.<\/li>\n<li><strong>Pametna (smart) kontrola:<\/strong> Novi Gestica lite sistem upravljanja omogu\u0107ava intuitivno rukovanje \u2013 \u010dak i bez specijalizovanog osoblja.<\/li>\n<li><strong>Digitalizacija i odr\u017eivost:<\/strong> Spremne za IIoT, mogu da prera\u0111uju reciklirane materijale i mogu se povezati sa platformama kao \u0161to su arburgXworld i ALS.<\/li>\n<\/ul>\n<p>Na sajmu su prikazane tri Allrounder Trend ma\u0161ine u razli\u010ditim aplikacijama:<\/p>\n<ul>\n<li>Proizvodnja elektronskih konektora<\/li>\n<li>Automatizovana proizvodnja LSR (te\u010dnog silikonskog gumenog materijala)<\/li>\n<li>Recikla\u017ea ribarskih mre\u017ea u modele delfina<\/li>\n<\/ul>\n<p>Poru\u010divanje ma\u0161ina bi\u0107e mogu\u0107e od sajma K 2025, dok \u0107e globalna dostupnost krenuti od prole\u0107a 2026.<\/p>\n<p><strong>Istra\u017eite 3D prezentaciju Allrounder Trend ma\u0161ina ovde:<\/strong><\/p>\n<p><a href=\"https:\/\/trend.arburg.com\/en\/#55c70c10-3b18-41bf-bfee-3517eac3c83c\"><strong>https:\/\/trend.arburg.com\/en\/#55c70c10-3b18-41bf-bfee-3517eac3c83c<\/strong><\/a><\/p>\n","protected":false},"excerpt":{"rendered":"<p>  &#8230;<\/p>\n","protected":false},"author":1,"featured_media":6000,"comment_status":"closed","ping_status":"open","sticky":false,"template":"","format":"standard","meta":{"footnotes":""},"categories":[198],"tags":[],"class_list":["post-6007","post","type-post","status-publish","format-standard","has-post-thumbnail","hentry","category-uncategorized-sr"],"yoast_head":"<!-- This site is optimized with the Yoast SEO plugin v27.4 - https:\/\/yoast.com\/product\/yoast-seo-wordpress\/ -->\n<title>Arburg na sajmu K 2025 \u2013 Premijera novih ma\u0161ina Allrounder Trend - Nomis<\/title>\n<meta name=\"robots\" content=\"index, follow, max-snippet:-1, max-image-preview:large, max-video-preview:-1\" \/>\n<link rel=\"canonical\" href=\"https:\/\/nomis.hr\/sr\/2025\/10\/09\/arburg-na-sajmu-k-2025-premijera-novih-masina-allrounder-trend\/\" \/>\n<meta property=\"og:locale\" content=\"sr_RS\" \/>\n<meta property=\"og:type\" content=\"article\" \/>\n<meta property=\"og:title\" content=\"Arburg na sajmu K 2025 \u2013 Premijera novih ma\u0161ina Allrounder Trend - Nomis\" \/>\n<meta property=\"og:description\" content=\"...\" \/>\n<meta property=\"og:url\" content=\"https:\/\/nomis.hr\/sr\/2025\/10\/09\/arburg-na-sajmu-k-2025-premijera-novih-masina-allrounder-trend\/\" \/>\n<meta property=\"og:site_name\" content=\"Nomis\" \/>\n<meta property=\"article:published_time\" content=\"2025-10-09T09:57:08+00:00\" \/>\n<meta property=\"article:modified_time\" content=\"2025-10-16T10:14:59+00:00\" \/>\n<meta property=\"og:image\" content=\"https:\/\/nomis.hr\/wp-content\/uploads\/2025\/10\/Arburg-Allrounder-Trend.jpg\" \/>\n\t<meta property=\"og:image:width\" content=\"1280\" \/>\n\t<meta property=\"og:image:height\" content=\"640\" \/>\n\t<meta property=\"og:image:type\" content=\"image\/jpeg\" \/>\n<meta name=\"author\" content=\"NomisAdm\" \/>\n<meta name=\"twitter:card\" content=\"summary_large_image\" \/>\n<meta name=\"twitter:label1\" content=\"\u041d\u0430\u043f\u0438\u0441\u0430\u043d\u043e \u043e\u0434\" \/>\n\t<meta name=\"twitter:data1\" content=\"NomisAdm\" \/>\n\t<meta name=\"twitter:label2\" content=\"\u041f\u0440\u043e\u0446\u0435\u045a\u0435\u043d\u043e \u0432\u0440\u0435\u043c\u0435 \u0447\u0438\u0442\u0430\u045a\u0430\" \/>\n\t<meta name=\"twitter:data2\" content=\"1 \u043c\u0438\u043d\u0443\u0442\" \/>\n<script type=\"application\/ld+json\" class=\"yoast-schema-graph\">{\"@context\":\"https:\\\/\\\/schema.org\",\"@graph\":[{\"@type\":\"Article\",\"@id\":\"https:\\\/\\\/nomis.hr\\\/sr\\\/2025\\\/10\\\/09\\\/arburg-na-sajmu-k-2025-premijera-novih-masina-allrounder-trend\\\/#article\",\"isPartOf\":{\"@id\":\"https:\\\/\\\/nomis.hr\\\/sr\\\/2025\\\/10\\\/09\\\/arburg-na-sajmu-k-2025-premijera-novih-masina-allrounder-trend\\\/\"},\"author\":{\"name\":\"NomisAdm\",\"@id\":\"https:\\\/\\\/nomis.hr\\\/#\\\/schema\\\/person\\\/7e2b7572419ae6638729efaa36e97656\"},\"headline\":\"Arburg na sajmu K 2025 \u2013 Premijera novih ma\u0161ina Allrounder Trend\",\"datePublished\":\"2025-10-09T09:57:08+00:00\",\"dateModified\":\"2025-10-16T10:14:59+00:00\",\"mainEntityOfPage\":{\"@id\":\"https:\\\/\\\/nomis.hr\\\/sr\\\/2025\\\/10\\\/09\\\/arburg-na-sajmu-k-2025-premijera-novih-masina-allrounder-trend\\\/\"},\"wordCount\":206,\"publisher\":{\"@id\":\"https:\\\/\\\/nomis.hr\\\/#organization\"},\"image\":{\"@id\":\"https:\\\/\\\/nomis.hr\\\/sr\\\/2025\\\/10\\\/09\\\/arburg-na-sajmu-k-2025-premijera-novih-masina-allrounder-trend\\\/#primaryimage\"},\"thumbnailUrl\":\"https:\\\/\\\/nomis.hr\\\/wp-content\\\/uploads\\\/2025\\\/10\\\/Arburg-Allrounder-Trend.jpg\",\"articleSection\":[\"Uncategorized @sr\"],\"inLanguage\":\"sr-RS\"},{\"@type\":\"WebPage\",\"@id\":\"https:\\\/\\\/nomis.hr\\\/sr\\\/2025\\\/10\\\/09\\\/arburg-na-sajmu-k-2025-premijera-novih-masina-allrounder-trend\\\/\",\"url\":\"https:\\\/\\\/nomis.hr\\\/sr\\\/2025\\\/10\\\/09\\\/arburg-na-sajmu-k-2025-premijera-novih-masina-allrounder-trend\\\/\",\"name\":\"Arburg na sajmu K 2025 \u2013 Premijera novih ma\u0161ina Allrounder Trend - Nomis\",\"isPartOf\":{\"@id\":\"https:\\\/\\\/nomis.hr\\\/#website\"},\"primaryImageOfPage\":{\"@id\":\"https:\\\/\\\/nomis.hr\\\/sr\\\/2025\\\/10\\\/09\\\/arburg-na-sajmu-k-2025-premijera-novih-masina-allrounder-trend\\\/#primaryimage\"},\"image\":{\"@id\":\"https:\\\/\\\/nomis.hr\\\/sr\\\/2025\\\/10\\\/09\\\/arburg-na-sajmu-k-2025-premijera-novih-masina-allrounder-trend\\\/#primaryimage\"},\"thumbnailUrl\":\"https:\\\/\\\/nomis.hr\\\/wp-content\\\/uploads\\\/2025\\\/10\\\/Arburg-Allrounder-Trend.jpg\",\"datePublished\":\"2025-10-09T09:57:08+00:00\",\"dateModified\":\"2025-10-16T10:14:59+00:00\",\"breadcrumb\":{\"@id\":\"https:\\\/\\\/nomis.hr\\\/sr\\\/2025\\\/10\\\/09\\\/arburg-na-sajmu-k-2025-premijera-novih-masina-allrounder-trend\\\/#breadcrumb\"},\"inLanguage\":\"sr-RS\",\"potentialAction\":[{\"@type\":\"ReadAction\",\"target\":[\"https:\\\/\\\/nomis.hr\\\/sr\\\/2025\\\/10\\\/09\\\/arburg-na-sajmu-k-2025-premijera-novih-masina-allrounder-trend\\\/\"]}]},{\"@type\":\"ImageObject\",\"inLanguage\":\"sr-RS\",\"@id\":\"https:\\\/\\\/nomis.hr\\\/sr\\\/2025\\\/10\\\/09\\\/arburg-na-sajmu-k-2025-premijera-novih-masina-allrounder-trend\\\/#primaryimage\",\"url\":\"https:\\\/\\\/nomis.hr\\\/wp-content\\\/uploads\\\/2025\\\/10\\\/Arburg-Allrounder-Trend.jpg\",\"contentUrl\":\"https:\\\/\\\/nomis.hr\\\/wp-content\\\/uploads\\\/2025\\\/10\\\/Arburg-Allrounder-Trend.jpg\",\"width\":1280,\"height\":640},{\"@type\":\"BreadcrumbList\",\"@id\":\"https:\\\/\\\/nomis.hr\\\/sr\\\/2025\\\/10\\\/09\\\/arburg-na-sajmu-k-2025-premijera-novih-masina-allrounder-trend\\\/#breadcrumb\",\"itemListElement\":[{\"@type\":\"ListItem\",\"position\":1,\"name\":\"Home\",\"item\":\"https:\\\/\\\/nomis.hr\\\/sr\\\/\"},{\"@type\":\"ListItem\",\"position\":2,\"name\":\"Arburg na sajmu K 2025 \u2013 Premijera novih ma\u0161ina Allrounder Trend\"}]},{\"@type\":\"WebSite\",\"@id\":\"https:\\\/\\\/nomis.hr\\\/#website\",\"url\":\"https:\\\/\\\/nomis.hr\\\/\",\"name\":\"Nomis\",\"description\":\"Sve za preradu polimera i metala na jednom mjestu!\",\"publisher\":{\"@id\":\"https:\\\/\\\/nomis.hr\\\/#organization\"},\"potentialAction\":[{\"@type\":\"SearchAction\",\"target\":{\"@type\":\"EntryPoint\",\"urlTemplate\":\"https:\\\/\\\/nomis.hr\\\/?s={search_term_string}\"},\"query-input\":{\"@type\":\"PropertyValueSpecification\",\"valueRequired\":true,\"valueName\":\"search_term_string\"}}],\"inLanguage\":\"sr-RS\"},{\"@type\":\"Organization\",\"@id\":\"https:\\\/\\\/nomis.hr\\\/#organization\",\"name\":\"Nomis\",\"url\":\"https:\\\/\\\/nomis.hr\\\/\",\"logo\":{\"@type\":\"ImageObject\",\"inLanguage\":\"sr-RS\",\"@id\":\"https:\\\/\\\/nomis.hr\\\/#\\\/schema\\\/logo\\\/image\\\/\",\"url\":\"https:\\\/\\\/nomis.hr\\\/wp-content\\\/uploads\\\/2021\\\/03\\\/Nomis-logo-admin-login.png\",\"contentUrl\":\"https:\\\/\\\/nomis.hr\\\/wp-content\\\/uploads\\\/2021\\\/03\\\/Nomis-logo-admin-login.png\",\"width\":640,\"height\":163,\"caption\":\"Nomis\"},\"image\":{\"@id\":\"https:\\\/\\\/nomis.hr\\\/#\\\/schema\\\/logo\\\/image\\\/\"}},{\"@type\":\"Person\",\"@id\":\"https:\\\/\\\/nomis.hr\\\/#\\\/schema\\\/person\\\/7e2b7572419ae6638729efaa36e97656\",\"name\":\"NomisAdm\",\"image\":{\"@type\":\"ImageObject\",\"inLanguage\":\"sr-RS\",\"@id\":\"https:\\\/\\\/secure.gravatar.com\\\/avatar\\\/bb3b394aa730fb39fb09dfc4eb59a2de3f57f140d8d0e99770f0d5ed79736774?s=96&d=mm&r=g\",\"url\":\"https:\\\/\\\/secure.gravatar.com\\\/avatar\\\/bb3b394aa730fb39fb09dfc4eb59a2de3f57f140d8d0e99770f0d5ed79736774?s=96&d=mm&r=g\",\"contentUrl\":\"https:\\\/\\\/secure.gravatar.com\\\/avatar\\\/bb3b394aa730fb39fb09dfc4eb59a2de3f57f140d8d0e99770f0d5ed79736774?s=96&d=mm&r=g\",\"caption\":\"NomisAdm\"},\"sameAs\":[\"https:\\\/\\\/nomis.hr\"],\"url\":\"https:\\\/\\\/nomis.hr\\\/sr\\\/author\\\/nomisadm\\\/\"}]}<\/script>\n<!-- \/ Yoast SEO plugin. -->","yoast_head_json":{"title":"Arburg na sajmu K 2025 \u2013 Premijera novih ma\u0161ina Allrounder Trend - Nomis","robots":{"index":"index","follow":"follow","max-snippet":"max-snippet:-1","max-image-preview":"max-image-preview:large","max-video-preview":"max-video-preview:-1"},"canonical":"https:\/\/nomis.hr\/sr\/2025\/10\/09\/arburg-na-sajmu-k-2025-premijera-novih-masina-allrounder-trend\/","og_locale":"sr_RS","og_type":"article","og_title":"Arburg na sajmu K 2025 \u2013 Premijera novih ma\u0161ina Allrounder Trend - Nomis","og_description":"...","og_url":"https:\/\/nomis.hr\/sr\/2025\/10\/09\/arburg-na-sajmu-k-2025-premijera-novih-masina-allrounder-trend\/","og_site_name":"Nomis","article_published_time":"2025-10-09T09:57:08+00:00","article_modified_time":"2025-10-16T10:14:59+00:00","og_image":[{"width":1280,"height":640,"url":"https:\/\/nomis.hr\/wp-content\/uploads\/2025\/10\/Arburg-Allrounder-Trend.jpg","type":"image\/jpeg"}],"author":"NomisAdm","twitter_card":"summary_large_image","twitter_misc":{"\u041d\u0430\u043f\u0438\u0441\u0430\u043d\u043e \u043e\u0434":"NomisAdm","\u041f\u0440\u043e\u0446\u0435\u045a\u0435\u043d\u043e \u0432\u0440\u0435\u043c\u0435 \u0447\u0438\u0442\u0430\u045a\u0430":"1 \u043c\u0438\u043d\u0443\u0442"},"schema":{"@context":"https:\/\/schema.org","@graph":[{"@type":"Article","@id":"https:\/\/nomis.hr\/sr\/2025\/10\/09\/arburg-na-sajmu-k-2025-premijera-novih-masina-allrounder-trend\/#article","isPartOf":{"@id":"https:\/\/nomis.hr\/sr\/2025\/10\/09\/arburg-na-sajmu-k-2025-premijera-novih-masina-allrounder-trend\/"},"author":{"name":"NomisAdm","@id":"https:\/\/nomis.hr\/#\/schema\/person\/7e2b7572419ae6638729efaa36e97656"},"headline":"Arburg na sajmu K 2025 \u2013 Premijera novih ma\u0161ina Allrounder Trend","datePublished":"2025-10-09T09:57:08+00:00","dateModified":"2025-10-16T10:14:59+00:00","mainEntityOfPage":{"@id":"https:\/\/nomis.hr\/sr\/2025\/10\/09\/arburg-na-sajmu-k-2025-premijera-novih-masina-allrounder-trend\/"},"wordCount":206,"publisher":{"@id":"https:\/\/nomis.hr\/#organization"},"image":{"@id":"https:\/\/nomis.hr\/sr\/2025\/10\/09\/arburg-na-sajmu-k-2025-premijera-novih-masina-allrounder-trend\/#primaryimage"},"thumbnailUrl":"https:\/\/nomis.hr\/wp-content\/uploads\/2025\/10\/Arburg-Allrounder-Trend.jpg","articleSection":["Uncategorized @sr"],"inLanguage":"sr-RS"},{"@type":"WebPage","@id":"https:\/\/nomis.hr\/sr\/2025\/10\/09\/arburg-na-sajmu-k-2025-premijera-novih-masina-allrounder-trend\/","url":"https:\/\/nomis.hr\/sr\/2025\/10\/09\/arburg-na-sajmu-k-2025-premijera-novih-masina-allrounder-trend\/","name":"Arburg na sajmu K 2025 \u2013 Premijera novih ma\u0161ina Allrounder Trend - Nomis","isPartOf":{"@id":"https:\/\/nomis.hr\/#website"},"primaryImageOfPage":{"@id":"https:\/\/nomis.hr\/sr\/2025\/10\/09\/arburg-na-sajmu-k-2025-premijera-novih-masina-allrounder-trend\/#primaryimage"},"image":{"@id":"https:\/\/nomis.hr\/sr\/2025\/10\/09\/arburg-na-sajmu-k-2025-premijera-novih-masina-allrounder-trend\/#primaryimage"},"thumbnailUrl":"https:\/\/nomis.hr\/wp-content\/uploads\/2025\/10\/Arburg-Allrounder-Trend.jpg","datePublished":"2025-10-09T09:57:08+00:00","dateModified":"2025-10-16T10:14:59+00:00","breadcrumb":{"@id":"https:\/\/nomis.hr\/sr\/2025\/10\/09\/arburg-na-sajmu-k-2025-premijera-novih-masina-allrounder-trend\/#breadcrumb"},"inLanguage":"sr-RS","potentialAction":[{"@type":"ReadAction","target":["https:\/\/nomis.hr\/sr\/2025\/10\/09\/arburg-na-sajmu-k-2025-premijera-novih-masina-allrounder-trend\/"]}]},{"@type":"ImageObject","inLanguage":"sr-RS","@id":"https:\/\/nomis.hr\/sr\/2025\/10\/09\/arburg-na-sajmu-k-2025-premijera-novih-masina-allrounder-trend\/#primaryimage","url":"https:\/\/nomis.hr\/wp-content\/uploads\/2025\/10\/Arburg-Allrounder-Trend.jpg","contentUrl":"https:\/\/nomis.hr\/wp-content\/uploads\/2025\/10\/Arburg-Allrounder-Trend.jpg","width":1280,"height":640},{"@type":"BreadcrumbList","@id":"https:\/\/nomis.hr\/sr\/2025\/10\/09\/arburg-na-sajmu-k-2025-premijera-novih-masina-allrounder-trend\/#breadcrumb","itemListElement":[{"@type":"ListItem","position":1,"name":"Home","item":"https:\/\/nomis.hr\/sr\/"},{"@type":"ListItem","position":2,"name":"Arburg na sajmu K 2025 \u2013 Premijera novih ma\u0161ina Allrounder Trend"}]},{"@type":"WebSite","@id":"https:\/\/nomis.hr\/#website","url":"https:\/\/nomis.hr\/","name":"Nomis","description":"Sve za preradu polimera i metala na jednom mjestu!","publisher":{"@id":"https:\/\/nomis.hr\/#organization"},"potentialAction":[{"@type":"SearchAction","target":{"@type":"EntryPoint","urlTemplate":"https:\/\/nomis.hr\/?s={search_term_string}"},"query-input":{"@type":"PropertyValueSpecification","valueRequired":true,"valueName":"search_term_string"}}],"inLanguage":"sr-RS"},{"@type":"Organization","@id":"https:\/\/nomis.hr\/#organization","name":"Nomis","url":"https:\/\/nomis.hr\/","logo":{"@type":"ImageObject","inLanguage":"sr-RS","@id":"https:\/\/nomis.hr\/#\/schema\/logo\/image\/","url":"https:\/\/nomis.hr\/wp-content\/uploads\/2021\/03\/Nomis-logo-admin-login.png","contentUrl":"https:\/\/nomis.hr\/wp-content\/uploads\/2021\/03\/Nomis-logo-admin-login.png","width":640,"height":163,"caption":"Nomis"},"image":{"@id":"https:\/\/nomis.hr\/#\/schema\/logo\/image\/"}},{"@type":"Person","@id":"https:\/\/nomis.hr\/#\/schema\/person\/7e2b7572419ae6638729efaa36e97656","name":"NomisAdm","image":{"@type":"ImageObject","inLanguage":"sr-RS","@id":"https:\/\/secure.gravatar.com\/avatar\/bb3b394aa730fb39fb09dfc4eb59a2de3f57f140d8d0e99770f0d5ed79736774?s=96&d=mm&r=g","url":"https:\/\/secure.gravatar.com\/avatar\/bb3b394aa730fb39fb09dfc4eb59a2de3f57f140d8d0e99770f0d5ed79736774?s=96&d=mm&r=g","contentUrl":"https:\/\/secure.gravatar.com\/avatar\/bb3b394aa730fb39fb09dfc4eb59a2de3f57f140d8d0e99770f0d5ed79736774?s=96&d=mm&r=g","caption":"NomisAdm"},"sameAs":["https:\/\/nomis.hr"],"url":"https:\/\/nomis.hr\/sr\/author\/nomisadm\/"}]}},"_links":{"self":[{"href":"https:\/\/nomis.hr\/sr\/wp-json\/wp\/v2\/posts\/6007","targetHints":{"allow":["GET"]}}],"collection":[{"href":"https:\/\/nomis.hr\/sr\/wp-json\/wp\/v2\/posts"}],"about":[{"href":"https:\/\/nomis.hr\/sr\/wp-json\/wp\/v2\/types\/post"}],"author":[{"embeddable":true,"href":"https:\/\/nomis.hr\/sr\/wp-json\/wp\/v2\/users\/1"}],"replies":[{"embeddable":true,"href":"https:\/\/nomis.hr\/sr\/wp-json\/wp\/v2\/comments?post=6007"}],"version-history":[{"count":3,"href":"https:\/\/nomis.hr\/sr\/wp-json\/wp\/v2\/posts\/6007\/revisions"}],"predecessor-version":[{"id":6010,"href":"https:\/\/nomis.hr\/sr\/wp-json\/wp\/v2\/posts\/6007\/revisions\/6010"}],"wp:featuredmedia":[{"embeddable":true,"href":"https:\/\/nomis.hr\/sr\/wp-json\/wp\/v2\/media\/6000"}],"wp:attachment":[{"href":"https:\/\/nomis.hr\/sr\/wp-json\/wp\/v2\/media?parent=6007"}],"wp:term":[{"taxonomy":"category","embeddable":true,"href":"https:\/\/nomis.hr\/sr\/wp-json\/wp\/v2\/categories?post=6007"},{"taxonomy":"post_tag","embeddable":true,"href":"https:\/\/nomis.hr\/sr\/wp-json\/wp\/v2\/tags?post=6007"}],"curies":[{"name":"wp","href":"https:\/\/api.w.org\/{rel}","templated":true}]}}